{"id":15656,"date":"2026-09-04T18:00:10","date_gmt":"2026-09-04T21:00:10","guid":{"rendered":"https:\/\/premix.com.br\/blog\/?p=15656"},"modified":"2026-09-04T19:09:14","modified_gmt":"2026-09-04T22:09:14","slug":"premix-reducao-precos-nutricao-animal-setembro-2026","status":"publish","type":"post","link":"https:\/\/premix.com.br\/blog\/premix-reducao-precos-nutricao-animal-setembro-2026\/","title":{"rendered":"Os pre\u00e7os desceram&#8230; mas o desempenho ficou l\u00e1 em cima!"},"content":{"rendered":"<p class=\"isSelectedEnd\">Setembro chegou com uma grande oportunidade para quem busca mais competitividade na pecu\u00e1ria. A Premix reduziu os pre\u00e7os de suas linhas de produtos para nutri\u00e7\u00e3o animal, criando um momento ainda mais atrativo para investir na suplementa\u00e7\u00e3o do rebanho. E n\u00e3o poderia haver m\u00eas melhor para isso!<\/p>\n<p class=\"isSelectedEnd\">Em setembro, temos duas datas muito importantes para a Premix:<\/p>\n<ul>\n<li class=\"isSelectedEnd\">\n<h5><strong>O Dia do Cliente, celebrado em 15 de setembro<\/strong><\/h5>\n<\/li>\n<li class=\"isSelectedEnd\">\n<h5>E o <strong>anivers\u00e1rio de 48 anos da Premix, em 28 de setembro<\/strong>.<\/h5>\n<\/li>\n<\/ul>\n<p class=\"isSelectedEnd\">Dois motivos para comemorar, e uma oportunidade para transformar essa comemora\u00e7\u00e3o em benef\u00edcio para quem est\u00e1 ao nosso lado todos os dias: nossos clientes.<\/p>\n<h2>Premix reduz pre\u00e7os de produtos para nutri\u00e7\u00e3o animal<\/h2>\n<p class=\"isSelectedEnd\">A Premix atualizou suas tabelas comerciais e <a href=\"https:\/\/premix.com.br\/nutricao-animal-produtos\/\"><strong>reduziu os pre\u00e7os de suas linhas de produtos<\/strong>,<\/a> tornando seu portf\u00f3lio ainda mais competitivo para o produtor rural.<\/p>\n<p class=\"isSelectedEnd\">Na pr\u00e1tica, \u00e9 uma oportunidade para quem j\u00e1 utiliza a marca e tamb\u00e9m para quem estava esperando o momento certo para investir em <strong>nutri\u00e7\u00e3o de qualidade, tecnologia e desempenho para o rebanho<\/strong>.<\/p>\n<p class=\"isSelectedEnd\">A l\u00f3gica \u00e9 simples:<\/p>\n<h5 class=\"isSelectedEnd\" style=\"text-align: center;\"><strong>Os pre\u00e7os desceram.<br \/>\nO desempenho continua l\u00e1 em cima!<\/strong><\/h5>\n<p>&nbsp;<\/p>\n<p class=\"isSelectedEnd\">N\u00e3o estamos falando em reduzir tecnologia, qualidade ou suporte. Estamos falando em criar condi\u00e7\u00f5es mais atrativas para que o pecuarista possa acessar as solu\u00e7\u00f5es e aproveitar todo o potencial produtivo do seu rebanho.<\/p>\n<p><img loading=\"lazy\" decoding=\"async\" class=\"alignnone size-full wp-image-15660\" src=\"https:\/\/premix.com.br\/blog\/wp-content\/uploads\/2026\/09\/Banner-Site-Campanha-Preco-1920x600px.png\" alt=\"Nutri\u00e7\u00e3o animal | Promo\u00e7\u00e3o Premix\" width=\"1920\" height=\"600\" \/><\/p>\n<h2>Dia do Cliente: quem comemora merece condi\u00e7\u00f5es melhores<\/h2>\n<p class=\"isSelectedEnd\">No dia <strong>15\u00a0de setembro, celebramos o Dia do Cliente<\/strong>. Para a Premix, essa data ganha um significado ainda maior em 2026. Afinal, ela acontece justamente no m\u00eas em que apresentamos ao mercado nossas novas condi\u00e7\u00f5es comerciais. \u00c9 a combina\u00e7\u00e3o perfeita entre celebra\u00e7\u00e3o e oportunidade!<\/p>\n<p class=\"isSelectedEnd\">Se voc\u00ea est\u00e1 planejando a suplementa\u00e7\u00e3o dos pr\u00f3ximos meses, avaliando estrat\u00e9gias nutricionais ou buscando maneiras de aumentar a efici\u00eancia da sua produ\u00e7\u00e3o, <strong>este \u00e9 um \u00f3timo momento para conversar com a Premix.<\/strong><\/p>\n<p class=\"isSelectedEnd\">Com os novos pre\u00e7os, o produtor pode avaliar diferentes estrat\u00e9gias nutricionais para seu sistema de produ\u00e7\u00e3o e encontrar solu\u00e7\u00f5es adequadas aos objetivos da propriedade.<\/p>\n<h2>E logo depois, a Premix completa 48 anos!<\/h2>\n<p class=\"isSelectedEnd\">Do Dia do Cliente, em 15 de setembro, seguimos para outra data especial: <strong>em 28 de setembro, a Premix completa 48 anos de hist\u00f3ria.<\/strong><\/p>\n<p class=\"isSelectedEnd\">S\u00e3o quase cinco d\u00e9cadas dedicadas \u00e0 pecu\u00e1ria, desenvolvendo solu\u00e7\u00f5es, tecnologias e estrat\u00e9gias nutricionais para contribuir com a evolu\u00e7\u00e3o da produ\u00e7\u00e3o de bovinos no Brasil.<\/p>\n<p class=\"isSelectedEnd\">E existe uma maneira melhor de comemorar do que criando novas oportunidades para nossos clientes?<\/p>\n<p class=\"isSelectedEnd\">\u00c9 por isso que setembro se torna um m\u00eas especial: <strong>celebramos quem confia na Premix e, poucos dias depois, celebramos a hist\u00f3ria que constru\u00edmos ao lado dessas pessoas.<\/strong><\/p>\n<h2>Por que aproveitar as novas condi\u00e7\u00f5es Premix?<\/h2>\n<p class=\"isSelectedEnd\">Pre\u00e7o importa. Mas o resultado entregue por aquilo que voc\u00ea compra importa ainda mais! Por isso, a redu\u00e7\u00e3o de pre\u00e7os da Premix ganha for\u00e7a quando \u00e9 combinada a um portf\u00f3lio desenvolvido para diferentes desafios e sistemas de produ\u00e7\u00e3o.<\/p>\n<p class=\"isSelectedEnd\">S\u00e3o solu\u00e7\u00f5es para <strong>gado de corte, gado de leite, equinos, ovinos e caprinos, <\/strong>atendendo diferentes estrat\u00e9gias nutricionais e momentos do ciclo produtivo.<\/p>\n<p class=\"isSelectedEnd\">Seja para suplementa\u00e7\u00e3o a pasto, estrat\u00e9gias proteico-energ\u00e9ticas, reprodu\u00e7\u00e3o, \u00e1guas, seca, semiconfinamento ou confinamento, o objetivo \u00e9 o mesmo: <strong>encontrar a estrat\u00e9gia nutricional capaz de entregar mais efici\u00eancia para a propriedade.<\/strong><\/p>\n<p class=\"isSelectedEnd\">E agora, com pre\u00e7os mais atrativos, existe mais um motivo para colocar essa estrat\u00e9gia em pr\u00e1tica.<\/p>\n<h3>FALE AGORA COM A PREMIX!<\/h3>\n<p class=\"isSelectedEnd\">Quer conhecer os novos pre\u00e7os, encontrar o produto mais adequado para o seu rebanho ou falar com nossa equipe comercial?<\/p>\n<h5 class=\"isSelectedEnd\" style=\"text-align: center;\"><a href=\"http:\/\/wa.me\/551636052900\"><strong>Entre em contato com a Premix pelo telefone<br \/>\nou WhatsApp: <\/strong><strong>\ud83d\udcf2 (16) 3605-2900<\/strong><\/a><\/h5>\n<p class=\"isSelectedEnd\">Consulte as novas condi\u00e7\u00f5es comerciais e aproveite este momento para investir na nutri\u00e7\u00e3o do seu rebanho.<\/p>\n","protected":false},"excerpt":{"rendered":"<p>Setembro chegou com uma grande oportunidade para quem busca mais competitividade na pecu\u00e1ria. A Premix reduziu os pre\u00e7os de suas linhas de produtos para nutri\u00e7\u00e3o animal, criando um momento ainda mais atrativo para investir na suplementa\u00e7\u00e3o do rebanho. E n\u00e3o poderia haver m\u00eas melhor para isso! Em setembro, temos duas datas muito importantes para a Premix: O Dia do Cliente, celebrado em 15 de setembro E o anivers\u00e1rio de 48 anos da Premix, em 28 de setembro. Dois motivos para comemorar, e uma oportunidade para transformar essa comemora\u00e7\u00e3o em benef\u00edcio para quem est\u00e1 ao nosso lado todos os dias: nossos [&hellip;]<\/p>\n","protected":false},"author":10,"featured_media":15658,"comment_status":"open","ping_status":"closed","sticky":false,"template":"","format":"standard","meta":{"footnotes":""},"categories":[431,5,432],"tags":[],"class_list":["post-15656","post","type-post","status-publish","format-standard","has-post-thumbnail","hentry","category-blog","category-destaque-blog","category-noticias-blog","post--single"],"yoast_head":"<!-- This site is optimized with the Yoast SEO Premium plugin v27.0 (Yoast SEO v28.4) - https:\/\/yoast.com\/product\/yoast-seo-premium-wordpress\/ -->\n<title>Premix reduz pre\u00e7os de produtos para nutri\u00e7\u00e3o em setembro<\/title>\n<meta name=\"description\" content=\"Setembro tem novas condi\u00e7\u00f5es na Premix! Aproveite a redu\u00e7\u00e3o de pre\u00e7os em produtos para nutri\u00e7\u00e3o animal e invista no desempenho do seu rebanho.\" \/>\n<meta name=\"robots\" content=\"index, follow, max-snippet:-1, max-image-preview:large, max-video-preview:-1\" \/>\n<link rel=\"canonical\" href=\"https:\/\/premix.com.br\/blog\/premix-reducao-precos-nutricao-animal-setembro-2026\/\" \/>\n<meta property=\"og:locale\" content=\"pt_BR\" \/>\n<meta property=\"og:type\" content=\"article\" \/>\n<meta property=\"og:title\" content=\"Os pre\u00e7os desceram... mas o desempenho ficou l\u00e1 em cima!\" \/>\n<meta property=\"og:description\" content=\"Setembro tem novas condi\u00e7\u00f5es na Premix! Aproveite a redu\u00e7\u00e3o de pre\u00e7os em produtos para nutri\u00e7\u00e3o animal e invista no desempenho do seu rebanho.\" \/>\n<meta property=\"og:url\" content=\"https:\/\/premix.com.br\/blog\/premix-reducao-precos-nutricao-animal-setembro-2026\/\" \/>\n<meta property=\"og:site_name\" content=\"Blog Premix\" \/>\n<meta property=\"article:publisher\" content=\"https:\/\/www.facebook.com\/premixoficial\" \/>\n<meta property=\"article:published_time\" content=\"2026-09-04T21:00:10+00:00\" \/>\n<meta property=\"article:modified_time\" content=\"2026-09-04T22:09:14+00:00\" \/>\n<meta property=\"og:image\" content=\"https:\/\/premix.com.br\/blog\/wp-content\/uploads\/2026\/09\/Banner-Blog-Campanha-Preco-800x400px.png\" \/>\n\t<meta property=\"og:image:width\" content=\"800\" \/>\n\t<meta property=\"og:image:height\" content=\"400\" \/>\n\t<meta property=\"og:image:type\" content=\"image\/png\" \/>\n<meta name=\"author\" content=\"Leonardo Guerino\" \/>\n<meta name=\"twitter:card\" content=\"summary_large_image\" \/>\n<meta name=\"twitter:label1\" content=\"Escrito por\" \/>\n\t<meta name=\"twitter:data1\" content=\"Leonardo Guerino\" \/>\n\t<meta name=\"twitter:label2\" content=\"Est. tempo de leitura\" \/>\n\t<meta name=\"twitter:data2\" content=\"4 minutos\" \/>\n<script type=\"application\/ld+json\" class=\"yoast-schema-graph\">{\"@context\":\"https:\\\/\\\/schema.org\",\"@graph\":[{\"@type\":\"Article\",\"@id\":\"https:\\\/\\\/premix.com.br\\\/blog\\\/premix-reducao-precos-nutricao-animal-setembro-2026\\\/#article\",\"isPartOf\":{\"@id\":\"https:\\\/\\\/premix.com.br\\\/blog\\\/premix-reducao-precos-nutricao-animal-setembro-2026\\\/\"},\"author\":{\"name\":\"Leonardo Guerino\",\"@id\":\"https:\\\/\\\/premix.com.br\\\/blog\\\/#\\\/schema\\\/person\\\/f8461fe5326819afee4552bc86fcc487\"},\"headline\":\"Os pre\u00e7os desceram&#8230; mas o desempenho ficou l\u00e1 em cima!\",\"datePublished\":\"2026-09-04T21:00:10+00:00\",\"dateModified\":\"2026-09-04T22:09:14+00:00\",\"mainEntityOfPage\":{\"@id\":\"https:\\\/\\\/premix.com.br\\\/blog\\\/premix-reducao-precos-nutricao-animal-setembro-2026\\\/\"},\"wordCount\":648,\"commentCount\":0,\"image\":{\"@id\":\"https:\\\/\\\/premix.com.br\\\/blog\\\/premix-reducao-precos-nutricao-animal-setembro-2026\\\/#primaryimage\"},\"thumbnailUrl\":\"https:\\\/\\\/premix.com.br\\\/blog\\\/wp-content\\\/uploads\\\/2026\\\/09\\\/Banner-Blog-Campanha-Preco-800x400px.png\",\"articleSection\":[\"BLOG\",\"Destaque-blog\",\"Noticias - Blog\"],\"inLanguage\":\"pt-BR\",\"potentialAction\":[{\"@type\":\"CommentAction\",\"name\":\"Comment\",\"target\":[\"https:\\\/\\\/premix.com.br\\\/blog\\\/premix-reducao-precos-nutricao-animal-setembro-2026\\\/#respond\"]}]},{\"@type\":\"WebPage\",\"@id\":\"https:\\\/\\\/premix.com.br\\\/blog\\\/premix-reducao-precos-nutricao-animal-setembro-2026\\\/\",\"url\":\"https:\\\/\\\/premix.com.br\\\/blog\\\/premix-reducao-precos-nutricao-animal-setembro-2026\\\/\",\"name\":\"Premix reduz pre\u00e7os de produtos para nutri\u00e7\u00e3o em setembro\",\"isPartOf\":{\"@id\":\"https:\\\/\\\/premix.com.br\\\/blog\\\/#website\"},\"primaryImageOfPage\":{\"@id\":\"https:\\\/\\\/premix.com.br\\\/blog\\\/premix-reducao-precos-nutricao-animal-setembro-2026\\\/#primaryimage\"},\"image\":{\"@id\":\"https:\\\/\\\/premix.com.br\\\/blog\\\/premix-reducao-precos-nutricao-animal-setembro-2026\\\/#primaryimage\"},\"thumbnailUrl\":\"https:\\\/\\\/premix.com.br\\\/blog\\\/wp-content\\\/uploads\\\/2026\\\/09\\\/Banner-Blog-Campanha-Preco-800x400px.png\",\"datePublished\":\"2026-09-04T21:00:10+00:00\",\"dateModified\":\"2026-09-04T22:09:14+00:00\",\"author\":{\"@id\":\"https:\\\/\\\/premix.com.br\\\/blog\\\/#\\\/schema\\\/person\\\/f8461fe5326819afee4552bc86fcc487\"},\"description\":\"Setembro tem novas condi\u00e7\u00f5es na Premix! Aproveite a redu\u00e7\u00e3o de pre\u00e7os em produtos para nutri\u00e7\u00e3o animal e invista no desempenho do seu rebanho.\",\"inLanguage\":\"pt-BR\",\"potentialAction\":[{\"@type\":\"ReadAction\",\"target\":[\"https:\\\/\\\/premix.com.br\\\/blog\\\/premix-reducao-precos-nutricao-animal-setembro-2026\\\/\"]}]},{\"@type\":\"ImageObject\",\"inLanguage\":\"pt-BR\",\"@id\":\"https:\\\/\\\/premix.com.br\\\/blog\\\/premix-reducao-precos-nutricao-animal-setembro-2026\\\/#primaryimage\",\"url\":\"https:\\\/\\\/premix.com.br\\\/blog\\\/wp-content\\\/uploads\\\/2026\\\/09\\\/Banner-Blog-Campanha-Preco-800x400px.png\",\"contentUrl\":\"https:\\\/\\\/premix.com.br\\\/blog\\\/wp-content\\\/uploads\\\/2026\\\/09\\\/Banner-Blog-Campanha-Preco-800x400px.png\",\"width\":800,\"height\":400,\"caption\":\"Nutri\u00e7\u00e3o animal | Promo\u00e7\u00e3o Premix\"},{\"@type\":\"WebSite\",\"@id\":\"https:\\\/\\\/premix.com.br\\\/blog\\\/#website\",\"url\":\"https:\\\/\\\/premix.com.br\\\/blog\\\/\",\"name\":\"Blog Premix\",\"description\":\"Nutrindo os ciclos da vida\",\"potentialAction\":[{\"@type\":\"SearchAction\",\"target\":{\"@type\":\"EntryPoint\",\"urlTemplate\":\"https:\\\/\\\/premix.com.br\\\/blog\\\/?s={search_term_string}\"},\"query-input\":{\"@type\":\"PropertyValueSpecification\",\"valueRequired\":true,\"valueName\":\"search_term_string\"}}],\"inLanguage\":\"pt-BR\"},{\"@type\":\"Person\",\"@id\":\"https:\\\/\\\/premix.com.br\\\/blog\\\/#\\\/schema\\\/person\\\/f8461fe5326819afee4552bc86fcc487\",\"name\":\"Leonardo Guerino\",\"image\":{\"@type\":\"ImageObject\",\"inLanguage\":\"pt-BR\",\"@id\":\"https:\\\/\\\/secure.gravatar.com\\\/avatar\\\/eaac07b49c1626857aa60c7c887f294a1f62780d13097afe4b9beae8cf625c8f?s=96&d=mm&r=g\",\"url\":\"https:\\\/\\\/secure.gravatar.com\\\/avatar\\\/eaac07b49c1626857aa60c7c887f294a1f62780d13097afe4b9beae8cf625c8f?s=96&d=mm&r=g\",\"contentUrl\":\"https:\\\/\\\/secure.gravatar.com\\\/avatar\\\/eaac07b49c1626857aa60c7c887f294a1f62780d13097afe4b9beae8cf625c8f?s=96&d=mm&r=g\",\"caption\":\"Leonardo Guerino\"},\"url\":\"https:\\\/\\\/premix.com.br\\\/blog\\\/author\\\/leonardo-guerino\\\/\"}]}<\/script>\n<!-- \/ Yoast SEO Premium plugin. -->","yoast_head_json":{"title":"Premix reduz pre\u00e7os de produtos para nutri\u00e7\u00e3o em setembro","description":"Setembro tem novas condi\u00e7\u00f5es na Premix! Aproveite a redu\u00e7\u00e3o de pre\u00e7os em produtos para nutri\u00e7\u00e3o animal e invista no desempenho do seu rebanho.","robots":{"index":"index","follow":"follow","max-snippet":"max-snippet:-1","max-image-preview":"max-image-preview:large","max-video-preview":"max-video-preview:-1"},"canonical":"https:\/\/premix.com.br\/blog\/premix-reducao-precos-nutricao-animal-setembro-2026\/","og_locale":"pt_BR","og_type":"article","og_title":"Os pre\u00e7os desceram... mas o desempenho ficou l\u00e1 em cima!","og_description":"Setembro tem novas condi\u00e7\u00f5es na Premix! Aproveite a redu\u00e7\u00e3o de pre\u00e7os em produtos para nutri\u00e7\u00e3o animal e invista no desempenho do seu rebanho.","og_url":"https:\/\/premix.com.br\/blog\/premix-reducao-precos-nutricao-animal-setembro-2026\/","og_site_name":"Blog Premix","article_publisher":"https:\/\/www.facebook.com\/premixoficial","article_published_time":"2026-09-04T21:00:10+00:00","article_modified_time":"2026-09-04T22:09:14+00:00","og_image":[{"width":800,"height":400,"url":"https:\/\/premix.com.br\/blog\/wp-content\/uploads\/2026\/09\/Banner-Blog-Campanha-Preco-800x400px.png","type":"image\/png"}],"author":"Leonardo Guerino","twitter_card":"summary_large_image","twitter_misc":{"Escrito por":"Leonardo Guerino","Est. tempo de leitura":"4 minutos"},"schema":{"@context":"https:\/\/schema.org","@graph":[{"@type":"Article","@id":"https:\/\/premix.com.br\/blog\/premix-reducao-precos-nutricao-animal-setembro-2026\/#article","isPartOf":{"@id":"https:\/\/premix.com.br\/blog\/premix-reducao-precos-nutricao-animal-setembro-2026\/"},"author":{"name":"Leonardo Guerino","@id":"https:\/\/premix.com.br\/blog\/#\/schema\/person\/f8461fe5326819afee4552bc86fcc487"},"headline":"Os pre\u00e7os desceram&#8230; mas o desempenho ficou l\u00e1 em cima!","datePublished":"2026-09-04T21:00:10+00:00","dateModified":"2026-09-04T22:09:14+00:00","mainEntityOfPage":{"@id":"https:\/\/premix.com.br\/blog\/premix-reducao-precos-nutricao-animal-setembro-2026\/"},"wordCount":648,"commentCount":0,"image":{"@id":"https:\/\/premix.com.br\/blog\/premix-reducao-precos-nutricao-animal-setembro-2026\/#primaryimage"},"thumbnailUrl":"https:\/\/premix.com.br\/blog\/wp-content\/uploads\/2026\/09\/Banner-Blog-Campanha-Preco-800x400px.png","articleSection":["BLOG","Destaque-blog","Noticias - Blog"],"inLanguage":"pt-BR","potentialAction":[{"@type":"CommentAction","name":"Comment","target":["https:\/\/premix.com.br\/blog\/premix-reducao-precos-nutricao-animal-setembro-2026\/#respond"]}]},{"@type":"WebPage","@id":"https:\/\/premix.com.br\/blog\/premix-reducao-precos-nutricao-animal-setembro-2026\/","url":"https:\/\/premix.com.br\/blog\/premix-reducao-precos-nutricao-animal-setembro-2026\/","name":"Premix reduz pre\u00e7os de produtos para nutri\u00e7\u00e3o em setembro","isPartOf":{"@id":"https:\/\/premix.com.br\/blog\/#website"},"primaryImageOfPage":{"@id":"https:\/\/premix.com.br\/blog\/premix-reducao-precos-nutricao-animal-setembro-2026\/#primaryimage"},"image":{"@id":"https:\/\/premix.com.br\/blog\/premix-reducao-precos-nutricao-animal-setembro-2026\/#primaryimage"},"thumbnailUrl":"https:\/\/premix.com.br\/blog\/wp-content\/uploads\/2026\/09\/Banner-Blog-Campanha-Preco-800x400px.png","datePublished":"2026-09-04T21:00:10+00:00","dateModified":"2026-09-04T22:09:14+00:00","author":{"@id":"https:\/\/premix.com.br\/blog\/#\/schema\/person\/f8461fe5326819afee4552bc86fcc487"},"description":"Setembro tem novas condi\u00e7\u00f5es na Premix! Aproveite a redu\u00e7\u00e3o de pre\u00e7os em produtos para nutri\u00e7\u00e3o animal e invista no desempenho do seu rebanho.","inLanguage":"pt-BR","potentialAction":[{"@type":"ReadAction","target":["https:\/\/premix.com.br\/blog\/premix-reducao-precos-nutricao-animal-setembro-2026\/"]}]},{"@type":"ImageObject","inLanguage":"pt-BR","@id":"https:\/\/premix.com.br\/blog\/premix-reducao-precos-nutricao-animal-setembro-2026\/#primaryimage","url":"https:\/\/premix.com.br\/blog\/wp-content\/uploads\/2026\/09\/Banner-Blog-Campanha-Preco-800x400px.png","contentUrl":"https:\/\/premix.com.br\/blog\/wp-content\/uploads\/2026\/09\/Banner-Blog-Campanha-Preco-800x400px.png","width":800,"height":400,"caption":"Nutri\u00e7\u00e3o animal | Promo\u00e7\u00e3o Premix"},{"@type":"WebSite","@id":"https:\/\/premix.com.br\/blog\/#website","url":"https:\/\/premix.com.br\/blog\/","name":"Blog Premix","description":"Nutrindo os ciclos da vida","potentialAction":[{"@type":"SearchAction","target":{"@type":"EntryPoint","urlTemplate":"https:\/\/premix.com.br\/blog\/?s={search_term_string}"},"query-input":{"@type":"PropertyValueSpecification","valueRequired":true,"valueName":"search_term_string"}}],"inLanguage":"pt-BR"},{"@type":"Person","@id":"https:\/\/premix.com.br\/blog\/#\/schema\/person\/f8461fe5326819afee4552bc86fcc487","name":"Leonardo Guerino","image":{"@type":"ImageObject","inLanguage":"pt-BR","@id":"https:\/\/secure.gravatar.com\/avatar\/eaac07b49c1626857aa60c7c887f294a1f62780d13097afe4b9beae8cf625c8f?s=96&d=mm&r=g","url":"https:\/\/secure.gravatar.com\/avatar\/eaac07b49c1626857aa60c7c887f294a1f62780d13097afe4b9beae8cf625c8f?s=96&d=mm&r=g","contentUrl":"https:\/\/secure.gravatar.com\/avatar\/eaac07b49c1626857aa60c7c887f294a1f62780d13097afe4b9beae8cf625c8f?s=96&d=mm&r=g","caption":"Leonardo Guerino"},"url":"https:\/\/premix.com.br\/blog\/author\/leonardo-guerino\/"}]}},"_links":{"self":[{"href":"https:\/\/premix.com.br\/blog\/wp-json\/wp\/v2\/posts\/15656","targetHints":{"allow":["GET"]}}],"collection":[{"href":"https:\/\/premix.com.br\/blog\/wp-json\/wp\/v2\/posts"}],"about":[{"href":"https:\/\/premix.com.br\/blog\/wp-json\/wp\/v2\/types\/post"}],"author":[{"embeddable":true,"href":"https:\/\/premix.com.br\/blog\/wp-json\/wp\/v2\/users\/10"}],"replies":[{"embeddable":true,"href":"https:\/\/premix.com.br\/blog\/wp-json\/wp\/v2\/comments?post=15656"}],"version-history":[{"count":10,"href":"https:\/\/premix.com.br\/blog\/wp-json\/wp\/v2\/posts\/15656\/revisions"}],"predecessor-version":[{"id":15668,"href":"https:\/\/premix.com.br\/blog\/wp-json\/wp\/v2\/posts\/15656\/revisions\/15668"}],"wp:featuredmedia":[{"embeddable":true,"href":"https:\/\/premix.com.br\/blog\/wp-json\/wp\/v2\/media\/15658"}],"wp:attachment":[{"href":"https:\/\/premix.com.br\/blog\/wp-json\/wp\/v2\/media?parent=15656"}],"wp:term":[{"taxonomy":"category","embeddable":true,"href":"https:\/\/premix.com.br\/blog\/wp-json\/wp\/v2\/categories?post=15656"},{"taxonomy":"post_tag","embeddable":true,"href":"https:\/\/premix.com.br\/blog\/wp-json\/wp\/v2\/tags?post=15656"}],"curies":[{"name":"wp","href":"https:\/\/api.w.org\/{rel}","templated":true}]}}