{"id":15501,"date":"2026-04-28T17:07:13","date_gmt":"2026-04-28T20:07:13","guid":{"rendered":"https:\/\/premix.com.br\/blog\/?p=15501"},"modified":"2026-04-28T17:07:45","modified_gmt":"2026-04-28T20:07:45","slug":"fator-p-carimbe-seu-passaporte-para-o-novo-modelo-de-producao","status":"publish","type":"post","link":"https:\/\/premix.com.br\/blog\/fator-p-carimbe-seu-passaporte-para-o-novo-modelo-de-producao\/","title":{"rendered":"Fator P: Carimbe seu passaporte para o novo modelo de produ\u00e7\u00e3o"},"content":{"rendered":"<p>A publica\u00e7\u00e3o da <strong>Portaria SDA\/MAPA n\u00ba 1.617\/2026<\/strong> marca um ponto de virada definitivo na pecu\u00e1ria brasileira: est\u00e1 oficialmente proibido o uso de antimicrobianos como melhoradores de desempenho.<\/p>\n<p>Esse movimento n\u00e3o acontece isoladamente. Ele acompanha uma exig\u00eancia da Uni\u00e3o Europeia \u2014 que estabeleceu prazo at\u00e9 <strong>setembro de 2026<\/strong> para que pa\u00edses exportadores comprovem a produ\u00e7\u00e3o de carne sem o uso desses aditivos.<\/p>\n<p><strong>O que muda na pr\u00e1tica para o produtor?<\/strong><\/p>\n<p>O recado \u00e9 direto: produzir sem antibi\u00f3ticos deixou de ser tend\u00eancia e passou a ser o in\u00edcio de uma nova exig\u00eancia de mercado.<\/p>\n<p>E isso muda tudo.<\/p>\n<ul>\n<li>Muda a forma de produzir.<\/li>\n<li>Muda o acesso a mercados.<\/li>\n<li>Muda quem est\u00e1 preparado e quem vai ficar para tr\u00e1s.<\/li>\n<\/ul>\n<p>Ou seja: quem n\u00e3o se adequar, perde competitividade \u2014 e pode ficar fora de mercados estrat\u00e9gicos como o europeu.<\/p>\n<p><strong>Pecu\u00e1ria sem antibi\u00f3ticos: desafio ou oportunidade?<\/strong><\/p>\n<p>Apesar do cen\u00e1rio exigir adapta\u00e7\u00e3o, ele tamb\u00e9m abre espa\u00e7o para evolu\u00e7\u00e3o tecnol\u00f3gica na nutri\u00e7\u00e3o animal.<\/p>\n<p>A grande quest\u00e3o passa a ser: <strong>como manter ou at\u00e9 aumentar a produtividade sem recorrer a antibi\u00f3ticos e ion\u00f3foros?<\/strong><\/p>\n<p>\u00c9 exatamente nesse ponto que entram solu\u00e7\u00f5es inovadoras baseadas em ci\u00eancia e tecnologia nutricional.<\/p>\n<p><strong>Fator P: tecnologia 100% natural para alta performance<\/strong><\/p>\n<p>\u00c9 nesse cen\u00e1rio que o Fator P, o primeiro aditivo zoot\u00e9cnico 100% natural da Premix, \u00e9 a escala mais curta para uma pecu\u00e1ria com alta produtividade e sem antibi\u00f3ticos. Ele atua como melhorador desempenho, substituindo ion\u00f3foros e antibi\u00f3ticos, em confinamento ou a pasto.<\/p>\n<p><strong>Principais benef\u00edcios do Fator P:<\/strong><\/p>\n<p>&#8211; At\u00e9 +20% no ganho de peso<\/p>\n<p>&#8211; At\u00e9 30% menos metano por arroba produzida<\/p>\n<p>&#8211; Tecnologia 100% natural, sem resist\u00eancia microbiana<\/p>\n<p>&#8211; Mais de 25 anos de efic\u00e1cia cientificamente comprovada<\/p>\n<p><strong>O novo padr\u00e3o da pecu\u00e1ria j\u00e1 come\u00e7ou<\/strong><\/p>\n<p>A transi\u00e7\u00e3o para uma pecu\u00e1ria sem antibi\u00f3ticos n\u00e3o \u00e9 mais uma proje\u00e7\u00e3o futura \u2014 ela j\u00e1 est\u00e1 em andamento.<\/p>\n<p>E, nesse cen\u00e1rio, a decis\u00e3o n\u00e3o \u00e9 se mudar, mas quando e como.<\/p>\n<p>\u2708 Com a Premix o seu passaporte para o novo modelo de produ\u00e7\u00e3o ou exporta\u00e7\u00e3o para a Europa continua v\u00e1lido!<\/p>\n<p><strong>Quer entender como aplicar na sua realidade?<\/strong><\/p>\n<p>Fale com o Representante Comercial da Premix na sua regi\u00e3o ou envie um <a href=\"https:\/\/api.whatsapp.com\/send\/?phone=551636052900&amp;text&amp;type=phone_number&amp;app_absent=0\">WhatsApp para (16) 3605-2900<\/a> e descubra como adaptar seu sistema para produzir mais, com efici\u00eancia e dentro das novas exig\u00eancias do mercado.<\/p>\n","protected":false},"excerpt":{"rendered":"<p>A publica\u00e7\u00e3o da Portaria SDA\/MAPA n\u00ba 1.617\/2026 marca um ponto de virada definitivo na pecu\u00e1ria brasileira: est\u00e1 oficialmente proibido o uso de antimicrobianos como melhoradores de desempenho. Esse movimento n\u00e3o acontece isoladamente. Ele acompanha uma exig\u00eancia da Uni\u00e3o Europeia \u2014 que estabeleceu prazo at\u00e9 setembro de 2026 para que pa\u00edses exportadores comprovem a produ\u00e7\u00e3o de carne sem o uso desses aditivos. O que muda na pr\u00e1tica para o produtor? O recado \u00e9 direto: produzir sem antibi\u00f3ticos deixou de ser tend\u00eancia e passou a ser o in\u00edcio de uma nova exig\u00eancia de mercado. E isso muda tudo. Muda a forma de [&hellip;]<\/p>\n","protected":false},"author":5,"featured_media":15497,"comment_status":"open","ping_status":"closed","sticky":false,"template":"","format":"standard","meta":{"footnotes":""},"categories":[431,3,4,5,6,7,8,432,12,800],"tags":[879],"class_list":["post-15501","post","type-post","status-publish","format-standard","has-post-thumbnail","hentry","category-blog","category-corte-confinamento-e-semiconfinamento","category-corte-pasto","category-destaque-blog","category-equinos","category-gestao-e-tecnologia","category-leite","category-noticias-blog","category-ovinos-e-caprinos","category-tecnologias","tag-pecuaria-fatorp-premix-antibioticfree-exportacao-sustentabilidade-pecuaria","post--single"],"yoast_head":"<!-- This site is optimized with the Yoast SEO Premium plugin v27.0 (Yoast SEO v27.5) - https:\/\/yoast.com\/product\/yoast-seo-premium-wordpress\/ -->\n<title>Fator P: Carimbe seu passaporte para o novo modelo de produ\u00e7\u00e3o - Blog Premix<\/title>\n<meta name=\"description\" content=\"Descubra como o FATOR P transforma a produ\u00e7\u00e3o pecu\u00e1ria e as novas exig\u00eancias do mercado europeu at\u00e9 setembro de 2026.\" \/>\n<meta name=\"robots\" content=\"index, follow, max-snippet:-1, max-image-preview:large, max-video-preview:-1\" \/>\n<link rel=\"canonical\" href=\"https:\/\/premix.com.br\/blog\/fator-p-carimbe-seu-passaporte-para-o-novo-modelo-de-producao\/\" \/>\n<meta property=\"og:locale\" content=\"pt_BR\" \/>\n<meta property=\"og:type\" content=\"article\" \/>\n<meta property=\"og:title\" content=\"Fator P: Carimbe seu passaporte para o novo modelo de produ\u00e7\u00e3o\" \/>\n<meta property=\"og:description\" content=\"Descubra como o FATOR P transforma a produ\u00e7\u00e3o pecu\u00e1ria e as novas exig\u00eancias do mercado europeu at\u00e9 setembro de 2026.\" \/>\n<meta property=\"og:url\" content=\"https:\/\/premix.com.br\/blog\/fator-p-carimbe-seu-passaporte-para-o-novo-modelo-de-producao\/\" \/>\n<meta property=\"og:site_name\" content=\"Blog Premix\" \/>\n<meta property=\"article:publisher\" content=\"https:\/\/www.facebook.com\/premixoficial\" \/>\n<meta property=\"article:published_time\" content=\"2026-04-28T20:07:13+00:00\" \/>\n<meta property=\"article:modified_time\" content=\"2026-04-28T20:07:45+00:00\" \/>\n<meta property=\"og:image\" content=\"https:\/\/premix.com.br\/blog\/wp-content\/uploads\/2026\/04\/WhatsApp-Image-2026-04-28-at-13.52.32.jpeg\" \/>\n\t<meta property=\"og:image:width\" content=\"1000\" \/>\n\t<meta property=\"og:image:height\" content=\"565\" \/>\n\t<meta property=\"og:image:type\" content=\"image\/jpeg\" \/>\n<meta name=\"author\" content=\"Imprensa Premix\" \/>\n<meta name=\"twitter:card\" content=\"summary_large_image\" \/>\n<meta name=\"twitter:label1\" content=\"Escrito por\" \/>\n\t<meta name=\"twitter:data1\" content=\"Imprensa Premix\" \/>\n\t<meta name=\"twitter:label2\" content=\"Est. tempo de leitura\" \/>\n\t<meta name=\"twitter:data2\" content=\"3 minutos\" \/>\n<script type=\"application\/ld+json\" class=\"yoast-schema-graph\">{\"@context\":\"https:\\\/\\\/schema.org\",\"@graph\":[{\"@type\":\"Article\",\"@id\":\"https:\\\/\\\/premix.com.br\\\/blog\\\/fator-p-carimbe-seu-passaporte-para-o-novo-modelo-de-producao\\\/#article\",\"isPartOf\":{\"@id\":\"https:\\\/\\\/premix.com.br\\\/blog\\\/fator-p-carimbe-seu-passaporte-para-o-novo-modelo-de-producao\\\/\"},\"author\":{\"name\":\"Imprensa Premix\",\"@id\":\"https:\\\/\\\/premix.com.br\\\/blog\\\/#\\\/schema\\\/person\\\/3a194618b5fae54760c57e6ea3616e5e\"},\"headline\":\"Fator P: Carimbe seu passaporte para o novo modelo de produ\u00e7\u00e3o\",\"datePublished\":\"2026-04-28T20:07:13+00:00\",\"dateModified\":\"2026-04-28T20:07:45+00:00\",\"mainEntityOfPage\":{\"@id\":\"https:\\\/\\\/premix.com.br\\\/blog\\\/fator-p-carimbe-seu-passaporte-para-o-novo-modelo-de-producao\\\/\"},\"wordCount\":426,\"commentCount\":0,\"image\":{\"@id\":\"https:\\\/\\\/premix.com.br\\\/blog\\\/fator-p-carimbe-seu-passaporte-para-o-novo-modelo-de-producao\\\/#primaryimage\"},\"thumbnailUrl\":\"https:\\\/\\\/premix.com.br\\\/blog\\\/wp-content\\\/uploads\\\/2026\\\/04\\\/WhatsApp-Image-2026-04-28-at-13.52.32.jpeg\",\"keywords\":[\"#Pecu\u00e1ria #FatorP #Premix #AntibioticFree #Exporta\u00e7\u00e3o #Sustentabilidade #Pecu\u00e1ria\"],\"articleSection\":[\"BLOG\",\"Corte - confinamento e semiconfinamento\",\"Corte - Pasto\",\"Destaque-blog\",\"Equinos\",\"Gest\u00e3o e tecnologia\",\"Leite\",\"Noticias - Blog\",\"Ovinos e Caprinos\",\"Tecnologias\"],\"inLanguage\":\"pt-BR\",\"potentialAction\":[{\"@type\":\"CommentAction\",\"name\":\"Comment\",\"target\":[\"https:\\\/\\\/premix.com.br\\\/blog\\\/fator-p-carimbe-seu-passaporte-para-o-novo-modelo-de-producao\\\/#respond\"]}]},{\"@type\":\"WebPage\",\"@id\":\"https:\\\/\\\/premix.com.br\\\/blog\\\/fator-p-carimbe-seu-passaporte-para-o-novo-modelo-de-producao\\\/\",\"url\":\"https:\\\/\\\/premix.com.br\\\/blog\\\/fator-p-carimbe-seu-passaporte-para-o-novo-modelo-de-producao\\\/\",\"name\":\"Fator P: Carimbe seu passaporte para o novo modelo de produ\u00e7\u00e3o - Blog Premix\",\"isPartOf\":{\"@id\":\"https:\\\/\\\/premix.com.br\\\/blog\\\/#website\"},\"primaryImageOfPage\":{\"@id\":\"https:\\\/\\\/premix.com.br\\\/blog\\\/fator-p-carimbe-seu-passaporte-para-o-novo-modelo-de-producao\\\/#primaryimage\"},\"image\":{\"@id\":\"https:\\\/\\\/premix.com.br\\\/blog\\\/fator-p-carimbe-seu-passaporte-para-o-novo-modelo-de-producao\\\/#primaryimage\"},\"thumbnailUrl\":\"https:\\\/\\\/premix.com.br\\\/blog\\\/wp-content\\\/uploads\\\/2026\\\/04\\\/WhatsApp-Image-2026-04-28-at-13.52.32.jpeg\",\"datePublished\":\"2026-04-28T20:07:13+00:00\",\"dateModified\":\"2026-04-28T20:07:45+00:00\",\"author\":{\"@id\":\"https:\\\/\\\/premix.com.br\\\/blog\\\/#\\\/schema\\\/person\\\/3a194618b5fae54760c57e6ea3616e5e\"},\"description\":\"Descubra como o FATOR P transforma a produ\u00e7\u00e3o pecu\u00e1ria e as novas exig\u00eancias do mercado europeu at\u00e9 setembro de 2026.\",\"inLanguage\":\"pt-BR\",\"potentialAction\":[{\"@type\":\"ReadAction\",\"target\":[\"https:\\\/\\\/premix.com.br\\\/blog\\\/fator-p-carimbe-seu-passaporte-para-o-novo-modelo-de-producao\\\/\"]}]},{\"@type\":\"ImageObject\",\"inLanguage\":\"pt-BR\",\"@id\":\"https:\\\/\\\/premix.com.br\\\/blog\\\/fator-p-carimbe-seu-passaporte-para-o-novo-modelo-de-producao\\\/#primaryimage\",\"url\":\"https:\\\/\\\/premix.com.br\\\/blog\\\/wp-content\\\/uploads\\\/2026\\\/04\\\/WhatsApp-Image-2026-04-28-at-13.52.32.jpeg\",\"contentUrl\":\"https:\\\/\\\/premix.com.br\\\/blog\\\/wp-content\\\/uploads\\\/2026\\\/04\\\/WhatsApp-Image-2026-04-28-at-13.52.32.jpeg\",\"width\":1000,\"height\":565},{\"@type\":\"WebSite\",\"@id\":\"https:\\\/\\\/premix.com.br\\\/blog\\\/#website\",\"url\":\"https:\\\/\\\/premix.com.br\\\/blog\\\/\",\"name\":\"Blog Premix\",\"description\":\"Nutrindo os ciclos da vida\",\"potentialAction\":[{\"@type\":\"SearchAction\",\"target\":{\"@type\":\"EntryPoint\",\"urlTemplate\":\"https:\\\/\\\/premix.com.br\\\/blog\\\/?s={search_term_string}\"},\"query-input\":{\"@type\":\"PropertyValueSpecification\",\"valueRequired\":true,\"valueName\":\"search_term_string\"}}],\"inLanguage\":\"pt-BR\"},{\"@type\":\"Person\",\"@id\":\"https:\\\/\\\/premix.com.br\\\/blog\\\/#\\\/schema\\\/person\\\/3a194618b5fae54760c57e6ea3616e5e\",\"name\":\"Imprensa Premix\",\"image\":{\"@type\":\"ImageObject\",\"inLanguage\":\"pt-BR\",\"@id\":\"https:\\\/\\\/secure.gravatar.com\\\/avatar\\\/b2244593b2379ef33b9060f9648f604b010f911ddb6cae019c654eca580607a1?s=96&d=mm&r=g\",\"url\":\"https:\\\/\\\/secure.gravatar.com\\\/avatar\\\/b2244593b2379ef33b9060f9648f604b010f911ddb6cae019c654eca580607a1?s=96&d=mm&r=g\",\"contentUrl\":\"https:\\\/\\\/secure.gravatar.com\\\/avatar\\\/b2244593b2379ef33b9060f9648f604b010f911ddb6cae019c654eca580607a1?s=96&d=mm&r=g\",\"caption\":\"Imprensa Premix\"},\"sameAs\":[\"http:\\\/\\\/premix.com.br\"],\"url\":\"https:\\\/\\\/premix.com.br\\\/blog\\\/author\\\/imprensa\\\/\"}]}<\/script>\n<!-- \/ Yoast SEO Premium plugin. -->","yoast_head_json":{"title":"Fator P: Carimbe seu passaporte para o novo modelo de produ\u00e7\u00e3o - Blog Premix","description":"Descubra como o FATOR P transforma a produ\u00e7\u00e3o pecu\u00e1ria e as novas exig\u00eancias do mercado europeu at\u00e9 setembro de 2026.","robots":{"index":"index","follow":"follow","max-snippet":"max-snippet:-1","max-image-preview":"max-image-preview:large","max-video-preview":"max-video-preview:-1"},"canonical":"https:\/\/premix.com.br\/blog\/fator-p-carimbe-seu-passaporte-para-o-novo-modelo-de-producao\/","og_locale":"pt_BR","og_type":"article","og_title":"Fator P: Carimbe seu passaporte para o novo modelo de produ\u00e7\u00e3o","og_description":"Descubra como o FATOR P transforma a produ\u00e7\u00e3o pecu\u00e1ria e as novas exig\u00eancias do mercado europeu at\u00e9 setembro de 2026.","og_url":"https:\/\/premix.com.br\/blog\/fator-p-carimbe-seu-passaporte-para-o-novo-modelo-de-producao\/","og_site_name":"Blog Premix","article_publisher":"https:\/\/www.facebook.com\/premixoficial","article_published_time":"2026-04-28T20:07:13+00:00","article_modified_time":"2026-04-28T20:07:45+00:00","og_image":[{"width":1000,"height":565,"url":"https:\/\/premix.com.br\/blog\/wp-content\/uploads\/2026\/04\/WhatsApp-Image-2026-04-28-at-13.52.32.jpeg","type":"image\/jpeg"}],"author":"Imprensa Premix","twitter_card":"summary_large_image","twitter_misc":{"Escrito por":"Imprensa Premix","Est. tempo de leitura":"3 minutos"},"schema":{"@context":"https:\/\/schema.org","@graph":[{"@type":"Article","@id":"https:\/\/premix.com.br\/blog\/fator-p-carimbe-seu-passaporte-para-o-novo-modelo-de-producao\/#article","isPartOf":{"@id":"https:\/\/premix.com.br\/blog\/fator-p-carimbe-seu-passaporte-para-o-novo-modelo-de-producao\/"},"author":{"name":"Imprensa Premix","@id":"https:\/\/premix.com.br\/blog\/#\/schema\/person\/3a194618b5fae54760c57e6ea3616e5e"},"headline":"Fator P: Carimbe seu passaporte para o novo modelo de produ\u00e7\u00e3o","datePublished":"2026-04-28T20:07:13+00:00","dateModified":"2026-04-28T20:07:45+00:00","mainEntityOfPage":{"@id":"https:\/\/premix.com.br\/blog\/fator-p-carimbe-seu-passaporte-para-o-novo-modelo-de-producao\/"},"wordCount":426,"commentCount":0,"image":{"@id":"https:\/\/premix.com.br\/blog\/fator-p-carimbe-seu-passaporte-para-o-novo-modelo-de-producao\/#primaryimage"},"thumbnailUrl":"https:\/\/premix.com.br\/blog\/wp-content\/uploads\/2026\/04\/WhatsApp-Image-2026-04-28-at-13.52.32.jpeg","keywords":["#Pecu\u00e1ria #FatorP #Premix #AntibioticFree #Exporta\u00e7\u00e3o #Sustentabilidade #Pecu\u00e1ria"],"articleSection":["BLOG","Corte - confinamento e semiconfinamento","Corte - Pasto","Destaque-blog","Equinos","Gest\u00e3o e tecnologia","Leite","Noticias - Blog","Ovinos e Caprinos","Tecnologias"],"inLanguage":"pt-BR","potentialAction":[{"@type":"CommentAction","name":"Comment","target":["https:\/\/premix.com.br\/blog\/fator-p-carimbe-seu-passaporte-para-o-novo-modelo-de-producao\/#respond"]}]},{"@type":"WebPage","@id":"https:\/\/premix.com.br\/blog\/fator-p-carimbe-seu-passaporte-para-o-novo-modelo-de-producao\/","url":"https:\/\/premix.com.br\/blog\/fator-p-carimbe-seu-passaporte-para-o-novo-modelo-de-producao\/","name":"Fator P: Carimbe seu passaporte para o novo modelo de produ\u00e7\u00e3o - Blog Premix","isPartOf":{"@id":"https:\/\/premix.com.br\/blog\/#website"},"primaryImageOfPage":{"@id":"https:\/\/premix.com.br\/blog\/fator-p-carimbe-seu-passaporte-para-o-novo-modelo-de-producao\/#primaryimage"},"image":{"@id":"https:\/\/premix.com.br\/blog\/fator-p-carimbe-seu-passaporte-para-o-novo-modelo-de-producao\/#primaryimage"},"thumbnailUrl":"https:\/\/premix.com.br\/blog\/wp-content\/uploads\/2026\/04\/WhatsApp-Image-2026-04-28-at-13.52.32.jpeg","datePublished":"2026-04-28T20:07:13+00:00","dateModified":"2026-04-28T20:07:45+00:00","author":{"@id":"https:\/\/premix.com.br\/blog\/#\/schema\/person\/3a194618b5fae54760c57e6ea3616e5e"},"description":"Descubra como o FATOR P transforma a produ\u00e7\u00e3o pecu\u00e1ria e as novas exig\u00eancias do mercado europeu at\u00e9 setembro de 2026.","inLanguage":"pt-BR","potentialAction":[{"@type":"ReadAction","target":["https:\/\/premix.com.br\/blog\/fator-p-carimbe-seu-passaporte-para-o-novo-modelo-de-producao\/"]}]},{"@type":"ImageObject","inLanguage":"pt-BR","@id":"https:\/\/premix.com.br\/blog\/fator-p-carimbe-seu-passaporte-para-o-novo-modelo-de-producao\/#primaryimage","url":"https:\/\/premix.com.br\/blog\/wp-content\/uploads\/2026\/04\/WhatsApp-Image-2026-04-28-at-13.52.32.jpeg","contentUrl":"https:\/\/premix.com.br\/blog\/wp-content\/uploads\/2026\/04\/WhatsApp-Image-2026-04-28-at-13.52.32.jpeg","width":1000,"height":565},{"@type":"WebSite","@id":"https:\/\/premix.com.br\/blog\/#website","url":"https:\/\/premix.com.br\/blog\/","name":"Blog Premix","description":"Nutrindo os ciclos da vida","potentialAction":[{"@type":"SearchAction","target":{"@type":"EntryPoint","urlTemplate":"https:\/\/premix.com.br\/blog\/?s={search_term_string}"},"query-input":{"@type":"PropertyValueSpecification","valueRequired":true,"valueName":"search_term_string"}}],"inLanguage":"pt-BR"},{"@type":"Person","@id":"https:\/\/premix.com.br\/blog\/#\/schema\/person\/3a194618b5fae54760c57e6ea3616e5e","name":"Imprensa Premix","image":{"@type":"ImageObject","inLanguage":"pt-BR","@id":"https:\/\/secure.gravatar.com\/avatar\/b2244593b2379ef33b9060f9648f604b010f911ddb6cae019c654eca580607a1?s=96&d=mm&r=g","url":"https:\/\/secure.gravatar.com\/avatar\/b2244593b2379ef33b9060f9648f604b010f911ddb6cae019c654eca580607a1?s=96&d=mm&r=g","contentUrl":"https:\/\/secure.gravatar.com\/avatar\/b2244593b2379ef33b9060f9648f604b010f911ddb6cae019c654eca580607a1?s=96&d=mm&r=g","caption":"Imprensa Premix"},"sameAs":["http:\/\/premix.com.br"],"url":"https:\/\/premix.com.br\/blog\/author\/imprensa\/"}]}},"_links":{"self":[{"href":"https:\/\/premix.com.br\/blog\/wp-json\/wp\/v2\/posts\/15501","targetHints":{"allow":["GET"]}}],"collection":[{"href":"https:\/\/premix.com.br\/blog\/wp-json\/wp\/v2\/posts"}],"about":[{"href":"https:\/\/premix.com.br\/blog\/wp-json\/wp\/v2\/types\/post"}],"author":[{"embeddable":true,"href":"https:\/\/premix.com.br\/blog\/wp-json\/wp\/v2\/users\/5"}],"replies":[{"embeddable":true,"href":"https:\/\/premix.com.br\/blog\/wp-json\/wp\/v2\/comments?post=15501"}],"version-history":[{"count":6,"href":"https:\/\/premix.com.br\/blog\/wp-json\/wp\/v2\/posts\/15501\/revisions"}],"predecessor-version":[{"id":15507,"href":"https:\/\/premix.com.br\/blog\/wp-json\/wp\/v2\/posts\/15501\/revisions\/15507"}],"wp:featuredmedia":[{"embeddable":true,"href":"https:\/\/premix.com.br\/blog\/wp-json\/wp\/v2\/media\/15497"}],"wp:attachment":[{"href":"https:\/\/premix.com.br\/blog\/wp-json\/wp\/v2\/media?parent=15501"}],"wp:term":[{"taxonomy":"category","embeddable":true,"href":"https:\/\/premix.com.br\/blog\/wp-json\/wp\/v2\/categories?post=15501"},{"taxonomy":"post_tag","embeddable":true,"href":"https:\/\/premix.com.br\/blog\/wp-json\/wp\/v2\/tags?post=15501"}],"curies":[{"name":"wp","href":"https:\/\/api.w.org\/{rel}","templated":true}]}}