{"id":15025,"date":"2025-07-21T09:06:48","date_gmt":"2025-07-21T12:06:48","guid":{"rendered":"https:\/\/premix.com.br\/blog\/?p=15025"},"modified":"2025-08-01T13:54:18","modified_gmt":"2025-08-01T16:54:18","slug":"bate-papo-com-randal-melo-nosso-gerente-comercial-no-podcast-conexao-soma","status":"publish","type":"post","link":"https:\/\/premix.com.br\/blog\/bate-papo-com-randal-melo-nosso-gerente-comercial-no-podcast-conexao-soma\/","title":{"rendered":"Bate-papo com Randal Melo, nosso gerente comercial, no podcast Conex\u00e3o Soma"},"content":{"rendered":"<p>Com o prop\u00f3sito de compartilhar <strong>conhecimento<\/strong>, um de nossos pilares de marca, participamos do <a href=\"https:\/\/www.instagram.com\/conexaosoma\/\">podcast <strong>Conex\u00e3o Soma<\/strong>,<\/a> com nosso gerente comercial para as regi\u00f5es Norte e Nordeste, Randal Melo, que tra\u00e7ou um panorama completo sobre a <a href=\"https:\/\/premix.com.br\/nutricao-animal-produtos\/\"><strong>nutri\u00e7\u00e3o de bovinos<\/strong><\/a> no Brasil, desde os desafios atuais at\u00e9 as tend\u00eancias futuras do setor.<\/p>\n<p>Randal detalhou os principais <strong>desafios<\/strong> enfrentados pelos produtores no <strong>manejo nutricional<\/strong>, apontando os erros mais comuns que impactam a <strong>produtividade<\/strong>. Ele abordou o conceito de <strong>nutri\u00e7\u00e3o de precis\u00e3o<\/strong>, explicando como ela pode ser aplicada na pr\u00e1tica, destacando as novas tecnologias em formula\u00e7\u00e3o de <strong>dietas <\/strong>e as ferramentas dispon\u00edveis para monitorar o desempenho nutricional dos rebanhos.<\/p>\n<p>A conversa tamb\u00e9m girou em torno da rela\u00e7\u00e3o entre <strong>sustentabilidade <\/strong>e<strong> rentabilidade<\/strong> e como \u00e9 poss\u00edvel unir esses dois pilares, mostrando que a melhoria da alimenta\u00e7\u00e3o dos animais contribui significativamente para a <strong>redu\u00e7\u00e3o de emiss\u00f5es de gases de efeito estufa<\/strong> e impacta diretamente nos <strong>lucros<\/strong> do produtor.<\/p>\n<p>Para finalizar, Randal compartilhou insights sobre as tend\u00eancias e o futuro da pecu\u00e1ria, discutindo o que est\u00e1 por vir na nutri\u00e7\u00e3o animal e como os pecuaristas podem se preparar para as novas exig\u00eancias do <strong>mercado<\/strong>.<\/p>\n<h2><strong>Confira a entrevista na \u00edntegra no podcast Conex\u00e3o Soma<\/strong><\/h2>\n<p><iframe loading=\"lazy\" title=\"YouTube video player\" src=\"https:\/\/www.youtube.com\/embed\/bP_4sQloMuY?si=H8gx4kj_ndwsdJmn\" width=\"800\" height=\"450\" frameborder=\"0\" allowfullscreen=\"allowfullscreen\"><span data-mce-type=\"bookmark\" style=\"display: inline-block; width: 0px; overflow: hidden; line-height: 0;\" class=\"mce_SELRES_start\">\ufeff<\/span><span data-mce-type=\"bookmark\" style=\"display: inline-block; width: 0px; overflow: hidden; line-height: 0;\" class=\"mce_SELRES_start\">\ufeff<\/span><\/iframe><\/p>\n","protected":false},"excerpt":{"rendered":"<p>Com o prop\u00f3sito de compartilhar conhecimento, um de nossos pilares de marca, participamos do podcast Conex\u00e3o Soma, com nosso gerente comercial para as regi\u00f5es Norte e Nordeste, Randal Melo, que tra\u00e7ou um panorama completo sobre a nutri\u00e7\u00e3o de bovinos no Brasil, desde os desafios atuais at\u00e9 as tend\u00eancias futuras do setor. Randal detalhou os principais desafios enfrentados pelos produtores no manejo nutricional, apontando os erros mais comuns que impactam a produtividade. Ele abordou o conceito de nutri\u00e7\u00e3o de precis\u00e3o, explicando como ela pode ser aplicada na pr\u00e1tica, destacando as novas tecnologias em formula\u00e7\u00e3o de dietas e as ferramentas dispon\u00edveis para [&hellip;]<\/p>\n","protected":false},"author":5,"featured_media":15026,"comment_status":"open","ping_status":"closed","sticky":false,"template":"","format":"standard","meta":{"footnotes":""},"categories":[252],"tags":[115,130,814,157,868,268],"class_list":["post-15025","post","type-post","status-publish","format-standard","has-post-thumbnail","hentry","category-noticias","tag-manejo","tag-nutricao","tag-podcast","tag-produtividade","tag-rentabilidade","tag-sustentabilidade","post--single"],"yoast_head":"<!-- This site is optimized with the Yoast SEO Premium plugin v27.0 (Yoast SEO v27.5) - https:\/\/yoast.com\/product\/yoast-seo-premium-wordpress\/ -->\n<title>Bate-papo com Randal Melo no podcast Conex\u00e3o Soma<\/title>\n<meta name=\"description\" content=\"No Podcast Conex\u00e3o Soma, nosso Gerente comercial tra\u00e7ou um panorama completo sobre a nutri\u00e7\u00e3o de bovinos no Brasil e tend\u00eancias.\" \/>\n<meta name=\"robots\" content=\"index, follow, max-snippet:-1, max-image-preview:large, max-video-preview:-1\" \/>\n<link rel=\"canonical\" href=\"https:\/\/premix.com.br\/blog\/bate-papo-com-randal-melo-nosso-gerente-comercial-no-podcast-conexao-soma\/\" \/>\n<meta property=\"og:locale\" content=\"pt_BR\" \/>\n<meta property=\"og:type\" content=\"article\" \/>\n<meta property=\"og:title\" content=\"Bate-papo com Randal Melo, nosso gerente comercial, no podcast Conex\u00e3o Soma\" \/>\n<meta property=\"og:description\" content=\"No Podcast Conex\u00e3o Soma, nosso Gerente comercial tra\u00e7ou um panorama completo sobre a nutri\u00e7\u00e3o de bovinos no Brasil e tend\u00eancias.\" \/>\n<meta property=\"og:url\" content=\"https:\/\/premix.com.br\/blog\/bate-papo-com-randal-melo-nosso-gerente-comercial-no-podcast-conexao-soma\/\" \/>\n<meta property=\"og:site_name\" content=\"Blog Premix\" \/>\n<meta property=\"article:publisher\" content=\"https:\/\/www.facebook.com\/premixoficial\" \/>\n<meta property=\"article:published_time\" content=\"2025-07-21T12:06:48+00:00\" \/>\n<meta property=\"article:modified_time\" content=\"2025-08-01T16:54:18+00:00\" \/>\n<meta property=\"og:image\" content=\"https:\/\/premix.com.br\/blog\/wp-content\/uploads\/2025\/07\/pmx_randal_soma.jpg\" \/>\n\t<meta property=\"og:image:width\" content=\"1000\" \/>\n\t<meta property=\"og:image:height\" content=\"565\" \/>\n\t<meta property=\"og:image:type\" content=\"image\/jpeg\" \/>\n<meta name=\"author\" content=\"Imprensa Premix\" \/>\n<meta name=\"twitter:card\" content=\"summary_large_image\" \/>\n<meta name=\"twitter:label1\" content=\"Escrito por\" \/>\n\t<meta name=\"twitter:data1\" content=\"Imprensa Premix\" \/>\n\t<meta name=\"twitter:label2\" content=\"Est. tempo de leitura\" \/>\n\t<meta name=\"twitter:data2\" content=\"2 minutos\" \/>\n<script type=\"application\/ld+json\" class=\"yoast-schema-graph\">{\"@context\":\"https:\\\/\\\/schema.org\",\"@graph\":[{\"@type\":\"Article\",\"@id\":\"https:\\\/\\\/premix.com.br\\\/blog\\\/bate-papo-com-randal-melo-nosso-gerente-comercial-no-podcast-conexao-soma\\\/#article\",\"isPartOf\":{\"@id\":\"https:\\\/\\\/premix.com.br\\\/blog\\\/bate-papo-com-randal-melo-nosso-gerente-comercial-no-podcast-conexao-soma\\\/\"},\"author\":{\"name\":\"Imprensa Premix\",\"@id\":\"https:\\\/\\\/premix.com.br\\\/blog\\\/#\\\/schema\\\/person\\\/3a194618b5fae54760c57e6ea3616e5e\"},\"headline\":\"Bate-papo com Randal Melo, nosso gerente comercial, no podcast Conex\u00e3o Soma\",\"datePublished\":\"2025-07-21T12:06:48+00:00\",\"dateModified\":\"2025-08-01T16:54:18+00:00\",\"mainEntityOfPage\":{\"@id\":\"https:\\\/\\\/premix.com.br\\\/blog\\\/bate-papo-com-randal-melo-nosso-gerente-comercial-no-podcast-conexao-soma\\\/\"},\"wordCount\":230,\"commentCount\":0,\"image\":{\"@id\":\"https:\\\/\\\/premix.com.br\\\/blog\\\/bate-papo-com-randal-melo-nosso-gerente-comercial-no-podcast-conexao-soma\\\/#primaryimage\"},\"thumbnailUrl\":\"https:\\\/\\\/premix.com.br\\\/blog\\\/wp-content\\\/uploads\\\/2025\\\/07\\\/pmx_randal_soma.jpg\",\"keywords\":[\"manejo\",\"nutri\u00e7\u00e3o\",\"podcast\",\"produtividade\",\"rentabilidade\",\"sustentabilidade\"],\"articleSection\":[\"Not\u00edcias\"],\"inLanguage\":\"pt-BR\",\"potentialAction\":[{\"@type\":\"CommentAction\",\"name\":\"Comment\",\"target\":[\"https:\\\/\\\/premix.com.br\\\/blog\\\/bate-papo-com-randal-melo-nosso-gerente-comercial-no-podcast-conexao-soma\\\/#respond\"]}]},{\"@type\":\"WebPage\",\"@id\":\"https:\\\/\\\/premix.com.br\\\/blog\\\/bate-papo-com-randal-melo-nosso-gerente-comercial-no-podcast-conexao-soma\\\/\",\"url\":\"https:\\\/\\\/premix.com.br\\\/blog\\\/bate-papo-com-randal-melo-nosso-gerente-comercial-no-podcast-conexao-soma\\\/\",\"name\":\"Bate-papo com Randal Melo no podcast Conex\u00e3o Soma\",\"isPartOf\":{\"@id\":\"https:\\\/\\\/premix.com.br\\\/blog\\\/#website\"},\"primaryImageOfPage\":{\"@id\":\"https:\\\/\\\/premix.com.br\\\/blog\\\/bate-papo-com-randal-melo-nosso-gerente-comercial-no-podcast-conexao-soma\\\/#primaryimage\"},\"image\":{\"@id\":\"https:\\\/\\\/premix.com.br\\\/blog\\\/bate-papo-com-randal-melo-nosso-gerente-comercial-no-podcast-conexao-soma\\\/#primaryimage\"},\"thumbnailUrl\":\"https:\\\/\\\/premix.com.br\\\/blog\\\/wp-content\\\/uploads\\\/2025\\\/07\\\/pmx_randal_soma.jpg\",\"datePublished\":\"2025-07-21T12:06:48+00:00\",\"dateModified\":\"2025-08-01T16:54:18+00:00\",\"author\":{\"@id\":\"https:\\\/\\\/premix.com.br\\\/blog\\\/#\\\/schema\\\/person\\\/3a194618b5fae54760c57e6ea3616e5e\"},\"description\":\"No Podcast Conex\u00e3o Soma, nosso Gerente comercial tra\u00e7ou um panorama completo sobre a nutri\u00e7\u00e3o de bovinos no Brasil e tend\u00eancias.\",\"inLanguage\":\"pt-BR\",\"potentialAction\":[{\"@type\":\"ReadAction\",\"target\":[\"https:\\\/\\\/premix.com.br\\\/blog\\\/bate-papo-com-randal-melo-nosso-gerente-comercial-no-podcast-conexao-soma\\\/\"]}]},{\"@type\":\"ImageObject\",\"inLanguage\":\"pt-BR\",\"@id\":\"https:\\\/\\\/premix.com.br\\\/blog\\\/bate-papo-com-randal-melo-nosso-gerente-comercial-no-podcast-conexao-soma\\\/#primaryimage\",\"url\":\"https:\\\/\\\/premix.com.br\\\/blog\\\/wp-content\\\/uploads\\\/2025\\\/07\\\/pmx_randal_soma.jpg\",\"contentUrl\":\"https:\\\/\\\/premix.com.br\\\/blog\\\/wp-content\\\/uploads\\\/2025\\\/07\\\/pmx_randal_soma.jpg\",\"width\":1000,\"height\":565,\"caption\":\"PODCAST CONEX\u00c3O SOMA | PREMIX\"},{\"@type\":\"WebSite\",\"@id\":\"https:\\\/\\\/premix.com.br\\\/blog\\\/#website\",\"url\":\"https:\\\/\\\/premix.com.br\\\/blog\\\/\",\"name\":\"Blog Premix\",\"description\":\"Nutrindo os ciclos da vida\",\"potentialAction\":[{\"@type\":\"SearchAction\",\"target\":{\"@type\":\"EntryPoint\",\"urlTemplate\":\"https:\\\/\\\/premix.com.br\\\/blog\\\/?s={search_term_string}\"},\"query-input\":{\"@type\":\"PropertyValueSpecification\",\"valueRequired\":true,\"valueName\":\"search_term_string\"}}],\"inLanguage\":\"pt-BR\"},{\"@type\":\"Person\",\"@id\":\"https:\\\/\\\/premix.com.br\\\/blog\\\/#\\\/schema\\\/person\\\/3a194618b5fae54760c57e6ea3616e5e\",\"name\":\"Imprensa Premix\",\"image\":{\"@type\":\"ImageObject\",\"inLanguage\":\"pt-BR\",\"@id\":\"https:\\\/\\\/secure.gravatar.com\\\/avatar\\\/b2244593b2379ef33b9060f9648f604b010f911ddb6cae019c654eca580607a1?s=96&d=mm&r=g\",\"url\":\"https:\\\/\\\/secure.gravatar.com\\\/avatar\\\/b2244593b2379ef33b9060f9648f604b010f911ddb6cae019c654eca580607a1?s=96&d=mm&r=g\",\"contentUrl\":\"https:\\\/\\\/secure.gravatar.com\\\/avatar\\\/b2244593b2379ef33b9060f9648f604b010f911ddb6cae019c654eca580607a1?s=96&d=mm&r=g\",\"caption\":\"Imprensa Premix\"},\"sameAs\":[\"http:\\\/\\\/premix.com.br\"],\"url\":\"https:\\\/\\\/premix.com.br\\\/blog\\\/author\\\/imprensa\\\/\"}]}<\/script>\n<!-- \/ Yoast SEO Premium plugin. -->","yoast_head_json":{"title":"Bate-papo com Randal Melo no podcast Conex\u00e3o Soma","description":"No Podcast Conex\u00e3o Soma, nosso Gerente comercial tra\u00e7ou um panorama completo sobre a nutri\u00e7\u00e3o de bovinos no Brasil e tend\u00eancias.","robots":{"index":"index","follow":"follow","max-snippet":"max-snippet:-1","max-image-preview":"max-image-preview:large","max-video-preview":"max-video-preview:-1"},"canonical":"https:\/\/premix.com.br\/blog\/bate-papo-com-randal-melo-nosso-gerente-comercial-no-podcast-conexao-soma\/","og_locale":"pt_BR","og_type":"article","og_title":"Bate-papo com Randal Melo, nosso gerente comercial, no podcast Conex\u00e3o Soma","og_description":"No Podcast Conex\u00e3o Soma, nosso Gerente comercial tra\u00e7ou um panorama completo sobre a nutri\u00e7\u00e3o de bovinos no Brasil e tend\u00eancias.","og_url":"https:\/\/premix.com.br\/blog\/bate-papo-com-randal-melo-nosso-gerente-comercial-no-podcast-conexao-soma\/","og_site_name":"Blog Premix","article_publisher":"https:\/\/www.facebook.com\/premixoficial","article_published_time":"2025-07-21T12:06:48+00:00","article_modified_time":"2025-08-01T16:54:18+00:00","og_image":[{"width":1000,"height":565,"url":"https:\/\/premix.com.br\/blog\/wp-content\/uploads\/2025\/07\/pmx_randal_soma.jpg","type":"image\/jpeg"}],"author":"Imprensa Premix","twitter_card":"summary_large_image","twitter_misc":{"Escrito por":"Imprensa Premix","Est. tempo de leitura":"2 minutos"},"schema":{"@context":"https:\/\/schema.org","@graph":[{"@type":"Article","@id":"https:\/\/premix.com.br\/blog\/bate-papo-com-randal-melo-nosso-gerente-comercial-no-podcast-conexao-soma\/#article","isPartOf":{"@id":"https:\/\/premix.com.br\/blog\/bate-papo-com-randal-melo-nosso-gerente-comercial-no-podcast-conexao-soma\/"},"author":{"name":"Imprensa Premix","@id":"https:\/\/premix.com.br\/blog\/#\/schema\/person\/3a194618b5fae54760c57e6ea3616e5e"},"headline":"Bate-papo com Randal Melo, nosso gerente comercial, no podcast Conex\u00e3o Soma","datePublished":"2025-07-21T12:06:48+00:00","dateModified":"2025-08-01T16:54:18+00:00","mainEntityOfPage":{"@id":"https:\/\/premix.com.br\/blog\/bate-papo-com-randal-melo-nosso-gerente-comercial-no-podcast-conexao-soma\/"},"wordCount":230,"commentCount":0,"image":{"@id":"https:\/\/premix.com.br\/blog\/bate-papo-com-randal-melo-nosso-gerente-comercial-no-podcast-conexao-soma\/#primaryimage"},"thumbnailUrl":"https:\/\/premix.com.br\/blog\/wp-content\/uploads\/2025\/07\/pmx_randal_soma.jpg","keywords":["manejo","nutri\u00e7\u00e3o","podcast","produtividade","rentabilidade","sustentabilidade"],"articleSection":["Not\u00edcias"],"inLanguage":"pt-BR","potentialAction":[{"@type":"CommentAction","name":"Comment","target":["https:\/\/premix.com.br\/blog\/bate-papo-com-randal-melo-nosso-gerente-comercial-no-podcast-conexao-soma\/#respond"]}]},{"@type":"WebPage","@id":"https:\/\/premix.com.br\/blog\/bate-papo-com-randal-melo-nosso-gerente-comercial-no-podcast-conexao-soma\/","url":"https:\/\/premix.com.br\/blog\/bate-papo-com-randal-melo-nosso-gerente-comercial-no-podcast-conexao-soma\/","name":"Bate-papo com Randal Melo no podcast Conex\u00e3o Soma","isPartOf":{"@id":"https:\/\/premix.com.br\/blog\/#website"},"primaryImageOfPage":{"@id":"https:\/\/premix.com.br\/blog\/bate-papo-com-randal-melo-nosso-gerente-comercial-no-podcast-conexao-soma\/#primaryimage"},"image":{"@id":"https:\/\/premix.com.br\/blog\/bate-papo-com-randal-melo-nosso-gerente-comercial-no-podcast-conexao-soma\/#primaryimage"},"thumbnailUrl":"https:\/\/premix.com.br\/blog\/wp-content\/uploads\/2025\/07\/pmx_randal_soma.jpg","datePublished":"2025-07-21T12:06:48+00:00","dateModified":"2025-08-01T16:54:18+00:00","author":{"@id":"https:\/\/premix.com.br\/blog\/#\/schema\/person\/3a194618b5fae54760c57e6ea3616e5e"},"description":"No Podcast Conex\u00e3o Soma, nosso Gerente comercial tra\u00e7ou um panorama completo sobre a nutri\u00e7\u00e3o de bovinos no Brasil e tend\u00eancias.","inLanguage":"pt-BR","potentialAction":[{"@type":"ReadAction","target":["https:\/\/premix.com.br\/blog\/bate-papo-com-randal-melo-nosso-gerente-comercial-no-podcast-conexao-soma\/"]}]},{"@type":"ImageObject","inLanguage":"pt-BR","@id":"https:\/\/premix.com.br\/blog\/bate-papo-com-randal-melo-nosso-gerente-comercial-no-podcast-conexao-soma\/#primaryimage","url":"https:\/\/premix.com.br\/blog\/wp-content\/uploads\/2025\/07\/pmx_randal_soma.jpg","contentUrl":"https:\/\/premix.com.br\/blog\/wp-content\/uploads\/2025\/07\/pmx_randal_soma.jpg","width":1000,"height":565,"caption":"PODCAST CONEX\u00c3O SOMA | PREMIX"},{"@type":"WebSite","@id":"https:\/\/premix.com.br\/blog\/#website","url":"https:\/\/premix.com.br\/blog\/","name":"Blog Premix","description":"Nutrindo os ciclos da vida","potentialAction":[{"@type":"SearchAction","target":{"@type":"EntryPoint","urlTemplate":"https:\/\/premix.com.br\/blog\/?s={search_term_string}"},"query-input":{"@type":"PropertyValueSpecification","valueRequired":true,"valueName":"search_term_string"}}],"inLanguage":"pt-BR"},{"@type":"Person","@id":"https:\/\/premix.com.br\/blog\/#\/schema\/person\/3a194618b5fae54760c57e6ea3616e5e","name":"Imprensa Premix","image":{"@type":"ImageObject","inLanguage":"pt-BR","@id":"https:\/\/secure.gravatar.com\/avatar\/b2244593b2379ef33b9060f9648f604b010f911ddb6cae019c654eca580607a1?s=96&d=mm&r=g","url":"https:\/\/secure.gravatar.com\/avatar\/b2244593b2379ef33b9060f9648f604b010f911ddb6cae019c654eca580607a1?s=96&d=mm&r=g","contentUrl":"https:\/\/secure.gravatar.com\/avatar\/b2244593b2379ef33b9060f9648f604b010f911ddb6cae019c654eca580607a1?s=96&d=mm&r=g","caption":"Imprensa Premix"},"sameAs":["http:\/\/premix.com.br"],"url":"https:\/\/premix.com.br\/blog\/author\/imprensa\/"}]}},"_links":{"self":[{"href":"https:\/\/premix.com.br\/blog\/wp-json\/wp\/v2\/posts\/15025","targetHints":{"allow":["GET"]}}],"collection":[{"href":"https:\/\/premix.com.br\/blog\/wp-json\/wp\/v2\/posts"}],"about":[{"href":"https:\/\/premix.com.br\/blog\/wp-json\/wp\/v2\/types\/post"}],"author":[{"embeddable":true,"href":"https:\/\/premix.com.br\/blog\/wp-json\/wp\/v2\/users\/5"}],"replies":[{"embeddable":true,"href":"https:\/\/premix.com.br\/blog\/wp-json\/wp\/v2\/comments?post=15025"}],"version-history":[{"count":2,"href":"https:\/\/premix.com.br\/blog\/wp-json\/wp\/v2\/posts\/15025\/revisions"}],"predecessor-version":[{"id":15059,"href":"https:\/\/premix.com.br\/blog\/wp-json\/wp\/v2\/posts\/15025\/revisions\/15059"}],"wp:featuredmedia":[{"embeddable":true,"href":"https:\/\/premix.com.br\/blog\/wp-json\/wp\/v2\/media\/15026"}],"wp:attachment":[{"href":"https:\/\/premix.com.br\/blog\/wp-json\/wp\/v2\/media?parent=15025"}],"wp:term":[{"taxonomy":"category","embeddable":true,"href":"https:\/\/premix.com.br\/blog\/wp-json\/wp\/v2\/categories?post=15025"},{"taxonomy":"post_tag","embeddable":true,"href":"https:\/\/premix.com.br\/blog\/wp-json\/wp\/v2\/tags?post=15025"}],"curies":[{"name":"wp","href":"https:\/\/api.w.org\/{rel}","templated":true}]}}