{"id":12764,"date":"2023-01-03T11:00:29","date_gmt":"2023-01-03T14:00:29","guid":{"rendered":"https:\/\/premix.com.br\/blog?p=12764"},"modified":"2023-01-10T17:02:43","modified_gmt":"2023-01-10T20:02:43","slug":"ilpf-uma-grande-aliada-na-pecuaria-sustentavel","status":"publish","type":"post","link":"https:\/\/premix.com.br\/blog\/ilpf-uma-grande-aliada-na-pecuaria-sustentavel\/","title":{"rendered":"ILPF: uma grande aliada na pecu\u00e1ria sustent\u00e1vel"},"content":{"rendered":"<p>A integra\u00e7\u00e3o lavoura pecu\u00e1ria floresta (ILPF), \u00e9 uma das pr\u00e1ticas de produ\u00e7\u00e3o mais comentadas nos dias de hoje.<\/p>\n<p>Isso porque, ela contribui ativamente com a <a href=\"https:\/\/premix.com.br\/blog\/pecuaria-sustentavel\/\">pecu\u00e1ria sustent\u00e1vel<\/a>.<\/p>\n<p>A preocupa\u00e7\u00e3o do consumidor final e da ind\u00fastria com a degrada\u00e7\u00e3o ambiental vem aumentando cada dia mais.<\/p>\n<p><strong>LEIA TAMB\u00c9M:<\/strong> <a href=\"https:\/\/premix.com.br\/blog\/artigo-de-daniel-guidolin-fala-sobre-pecuaria-sustentavel-e-seguranca-alimentar\/\">Pecu\u00e1ria sustent\u00e1vel e seguran\u00e7a alimentar.\u00a0<\/a><\/p>\n<p>Por isso, \u00e9 importante que os produtores estejam alertas \u00e0s pr\u00e1ticas que reduzem os impactos da pecu\u00e1ria no meio ambiente. \u00c9 imprescind\u00edvel tamb\u00e9m, trabalhar com cautela e utilizar estrat\u00e9gias que sejam bem vistas no mercado.<\/p>\n<p>Continue a leitura para entender como esta pr\u00e1tica pode te ajudar a realizar uma atividade mais produtiva e mais sustent\u00e1vel.<\/p>\n<h2>O que \u00e9 ILPF?<\/h2>\n<p>\u00c9 uma estrat\u00e9gia produtiva, na qual, v\u00e1rias esp\u00e9cies trabalham em sinergia em uma mesma \u00e1rea.<\/p>\n<p>Em outras palavras, h\u00e1 o cultivo consorciado de v\u00e1rias esp\u00e9cies, como por exemplo, forrageiras, arbustivas, arb\u00f3reas e animais. Esse cultivo pode ser realizado em rota\u00e7\u00e3o ou sucess\u00e3o.<\/p>\n<p>As esp\u00e9cies agr\u00edcolas utilizadas visam a alimenta\u00e7\u00e3o dos animais, seja fibra ou energia. As esp\u00e9cies arb\u00f3reas podem ser \u00e1rvores nativas, ex\u00f3ticas, madeireiras ou n\u00e3o. E os animais podem ser bovinos de corte, bovinos de leite, caprinos, ovinos, bubalinos, at\u00e9 mesmo su\u00ednos e aves.<\/p>\n<p>Uma importante caracter\u00edstica deste sistema \u00e9 que nele todas as esp\u00e9cies precisam se beneficiar.<\/p>\n<p>Para exemplificar, podemos dizer que em uma \u00e1rea onde tem o cultivo de braqui\u00e1ria, soja, eucalipto e Nelore h\u00e1 um sistema de integra\u00e7\u00e3o lavoura pecu\u00e1ria floresta.<\/p>\n<h2>Objetivos da estrat\u00e9gia ILPF<\/h2>\n<p>O intuito principal do m\u00e9todo \u00e9 otimizar o uso da \u00e1rea, fazendo com que a produtividade de forma geral aumente. Assim, os lucros para o produtor ser\u00e3o maiores no final.<\/p>\n<p>A melhor utiliza\u00e7\u00e3o dos insumos, como por exemplo, forragem; \u00e1gua; suplemento, evita o desperd\u00edcio de tempo do animal na \u00e1rea e contribui para o aumento da produtividade.<\/p>\n<p>Ademais, tudo isso \u00e9 realizado de maneira sustent\u00e1vel, n\u00e3o prejudicando o meio ambiente.<\/p>\n<div class=\"atbs-ceris-responsive-video\"><iframe loading=\"lazy\" title=\"Quais os crit\u00e9rios para adotar a ILPF na propriedade? \u2013 Minuto Agro Gr\u00e3os\" width=\"1200\" height=\"675\" src=\"https:\/\/www.youtube.com\/embed\/P0IZsnrKSFo?feature=oembed&#038;enablejsapi=1&#038;origin=https:\/\/www.premix.com.br\" frameborder=\"0\" allow=\"accelerometer; autoplay; clipboard-write; encrypted-media; gyroscope; picture-in-picture; web-share\" allowfullscreen><\/iframe><\/div>\n<h2>Vantagens e desvantagens da Integra\u00e7\u00e3o Lavoura Pecu\u00e1ria Floresta<\/h2>\n<p>Al\u00e9m dos benef\u00edcios zoot\u00e9cnicos e financeiros, a ILPF ainda contribui com quest\u00f5es ambientais e sociais. Assim, a chance do produto e do produtor ganharem mais credibilidade no mercado \u00e9 muito maior.<\/p>\n<h4>SOLO<\/h4>\n<p>Devido \u00e0 maior quantidade de mat\u00e9ria seca (MS) e serapilheira provenientes das diferentes esp\u00e9cies de plantas na \u00e1rea, existe maior teor de mat\u00e9ria org\u00e2nica.<\/p>\n<p>Com isso, a ciclagem de nutrientes tende a aumentar, melhorando o ecossistema dos microrganismos.<\/p>\n<p>Bem como, permitindo maior aproveitamento da \u00e1gua e evitando eros\u00f5es.<\/p>\n<h4>LAVOURA<\/h4>\n<p>As esp\u00e9cies forrageiras se beneficiam atrav\u00e9s da maior disponibilidade de nutrientes presentes no solo.<\/p>\n<p>Al\u00e9m disso, se houver um cons\u00f3rcio de forragem com leguminosa, h\u00e1 maior disponibilidade de nitrog\u00eanio no sistema solo-planta.<\/p>\n<p>Por terem ra\u00edzes mais profundas, as gram\u00edneas e as \u00e1rvores conseguem aproveitar muito bem os nutrientes que lixiviam no solo, fazendo com que aumente a quantidade e qualidade da MS produzida.<\/p>\n<p>Assim, o animal consegue ingerir um volumoso de melhor qualidade e por mais tempo durante o ano.<\/p>\n<h4>ANIMAL<\/h4>\n<p>A presen\u00e7a das \u00e1rvores confere maior conforto t\u00e9rmico aos animais. N\u00e3o apenas no ver\u00e3o protegendo os animais do sol, como tamb\u00e9m no inverno abrigando-os das geadas.<\/p>\n<p>Com a otimiza\u00e7\u00e3o da produ\u00e7\u00e3o de forrageiras, os animais passam menos tempo no pasto, o que confere maior produtividade animal.<\/p>\n<h4>SOCIAL<\/h4>\n<p>A variedade de esp\u00e9cies na \u00e1rea proporciona maior seguran\u00e7a ao produtor, fazendo com que mais empregos no campo sejam gerados.<\/p>\n<h3>AMBIENTAL<\/h3>\n<p>Por ser um sistema que visa a otimiza\u00e7\u00e3o da produ\u00e7\u00e3o por \u00e1rea, a ILPF reduz a necessidade por novas \u00e1reas, assim, diminuindo o desmatamento.<\/p>\n<p>Ademais, a redu\u00e7\u00e3o do tempo de ciclo do rebanho, diminui a quantidade de gases de efeito estufa (GEE) na atmosfera.<\/p>\n<h4>ECON\u00d4MICO<\/h4>\n<p>Em suma, ap\u00f3s todas essas vantagens apresentadas, o resultado \u00e9 apenas um: lucro para o produtor!<\/p>\n<p>Maior produtividade vegetal e animal, economia de tempo e de insumos, melhor aproveitamento de \u00e1rea, mais rentabilidade, maior lucro.<\/p>\n<div id=\"attachment_12769\" style=\"width: 910px\" class=\"wp-caption aligncenter\"><img loading=\"lazy\" decoding=\"async\" aria-describedby=\"caption-attachment-12769\" class=\"wp-image-12769 size-full\" src=\"https:\/\/premix.com.br\/blog\/wp-content\/uploads\/2022\/12\/Infografico-Beneficios-da-ILPF.jpg\" alt=\"Infogr\u00e1fico contendo benef\u00edcios do sistema ILPF. \" width=\"900\" height=\"900\" \/><p id=\"caption-attachment-12769\" class=\"wp-caption-text\">Infogr\u00e1fico benef\u00edcios da estrat\u00e9gia ILPF.<\/p><\/div>\n<p>Por envolver esp\u00e9cies arb\u00f3reas no sistema, o manejo \u00e9 um tanto quanto diferente do que os produtores est\u00e3o acostumados.<\/p>\n<p>Portanto, esse tipo de estrat\u00e9gia exige um pouco mais de capacita\u00e7\u00e3o por parte do manejador da \u00e1rea.<\/p>\n<p>Outro ponto de aten\u00e7\u00e3o \u00e9 o mercado madeireiro, que pode ser escasso em algumas regi\u00f5es do Brasil.<\/p>\n<h3>Onde aplicar o sistema e ILPF?<\/h3>\n<p>A integra\u00e7\u00e3o lavoura pecu\u00e1ria floresta pode ser adotada em propriedades de qualquer porte.<\/p>\n<p>Ao aplicar esta t\u00e9cnica, o produtor deve ter capacita\u00e7\u00e3o para isso, ou contratar alguma assessoria para o aux\u00edlio.<\/p>\n<p>Assim como dito anteriormente, em rela\u00e7\u00e3o \u00e0s esp\u00e9cies animais que ser\u00e3o inseridas na \u00e1rea, n\u00e3o h\u00e1 restri\u00e7\u00f5es. Bovinos de corte e leiteiros, ovinos, caprinos, bubalinos, su\u00ednos e aves podem ser utilizados.<\/p>\n<p>&nbsp;<\/p>\n<p>Nesse sentido, ficou claro que para implantar um sistema de integra\u00e7\u00e3o lavoura pecu\u00e1ria floresta, precisa de bastante planejamento, n\u00e3o \u00e9 mesmo?<\/p>\n<p>Contate os nossos <a href=\"https:\/\/api.whatsapp.com\/send?1=pt_BR&amp;phone=55016992432644\">t\u00e9cnicos digitais<\/a> para saber dessa e de <a href=\"https:\/\/premix.com.br\/blog\/confinar-o-boi-no-pasto-e-o-melhor-negocio\/\">outras estrat\u00e9gias interessantes<\/a> para aumentar a produtividade da sua fazenda.<\/p>\n<p>E se voc\u00ea gostou deste conte\u00fado, continue acompanhando o <a href=\"https:\/\/premix.com.br\/blog\/\">Blog Premix<\/a>.<\/p>\n<p>&nbsp;<\/p>\n<p>&nbsp;<\/p>\n","protected":false},"excerpt":{"rendered":"<p>A integra\u00e7\u00e3o lavoura pecu\u00e1ria floresta (ILPF), \u00e9 uma das pr\u00e1ticas de produ\u00e7\u00e3o mais comentadas nos dias de hoje. Isso porque, ela contribui ativamente com a pecu\u00e1ria sustent\u00e1vel. A preocupa\u00e7\u00e3o do consumidor final e da ind\u00fastria com a degrada\u00e7\u00e3o ambiental vem aumentando cada dia mais. LEIA TAMB\u00c9M: Pecu\u00e1ria sustent\u00e1vel e seguran\u00e7a alimentar.\u00a0 Por isso, \u00e9 importante que os produtores estejam alertas \u00e0s pr\u00e1ticas que reduzem os impactos da pecu\u00e1ria no meio ambiente. \u00c9 imprescind\u00edvel tamb\u00e9m, trabalhar com cautela e utilizar estrat\u00e9gias que sejam bem vistas no mercado. Continue a leitura para entender como esta pr\u00e1tica pode te ajudar a realizar uma [&hellip;]<\/p>\n","protected":false},"author":1,"featured_media":12797,"comment_status":"open","ping_status":"closed","sticky":false,"template":"","format":"standard","meta":{"footnotes":""},"categories":[431,4,9],"tags":[644,643,646,642,645],"class_list":["post-12764","post","type-post","status-publish","format-standard","has-post-thumbnail","hentry","category-blog","category-corte-pasto","category-manejo-na-pecuaria","tag-estrategia-ilpf","tag-ilpf","tag-integracao-lavoura-pecuaria","tag-integracao-lavoura-pecuaria-floresta","tag-sistema-de-integracao-lavoura-pecuaria-floresta","post--single"],"yoast_head":"<!-- This site is optimized with the Yoast SEO Premium plugin v27.0 (Yoast SEO v27.5) - https:\/\/yoast.com\/product\/yoast-seo-premium-wordpress\/ -->\n<title>ILPF: uma grande aliada na pecu\u00e1ria sustent\u00e1vel - Blog Premix<\/title>\n<meta name=\"description\" content=\"A integra\u00e7\u00e3o lavoura pecu\u00e1ria floresta (ILPF), \u00e9 uma pr\u00e1tica agr\u00edcola muito comentada atualmente, pois ela contribui para a pecu\u00e1ria sustent\u00e1vel.\u00a0\" \/>\n<meta name=\"robots\" content=\"index, follow, max-snippet:-1, max-image-preview:large, max-video-preview:-1\" \/>\n<link rel=\"canonical\" href=\"https:\/\/premix.com.br\/blog\/ilpf-uma-grande-aliada-na-pecuaria-sustentavel\/\" \/>\n<meta property=\"og:locale\" content=\"pt_BR\" \/>\n<meta property=\"og:type\" content=\"article\" \/>\n<meta property=\"og:title\" content=\"ILPF: uma grande aliada na pecu\u00e1ria sustent\u00e1vel\" \/>\n<meta property=\"og:description\" content=\"A integra\u00e7\u00e3o lavoura pecu\u00e1ria floresta (ILPF), \u00e9 uma pr\u00e1tica agr\u00edcola muito comentada atualmente, pois ela contribui para a pecu\u00e1ria sustent\u00e1vel.\u00a0\" \/>\n<meta property=\"og:url\" content=\"https:\/\/premix.com.br\/blog\/ilpf-uma-grande-aliada-na-pecuaria-sustentavel\/\" \/>\n<meta property=\"og:site_name\" content=\"Blog Premix\" \/>\n<meta property=\"article:publisher\" content=\"https:\/\/www.facebook.com\/premixoficial\" \/>\n<meta property=\"article:published_time\" content=\"2023-01-03T14:00:29+00:00\" \/>\n<meta property=\"article:modified_time\" content=\"2023-01-10T20:02:43+00:00\" \/>\n<meta property=\"og:image\" content=\"https:\/\/premix.com.br\/blog\/wp-content\/uploads\/2022\/12\/Integracao-lavoura-pecuaria-floresta-uma-grande-aliada-na-pecuaria-sustentavel-thumbnail.png\" \/>\n\t<meta property=\"og:image:width\" content=\"1000\" \/>\n\t<meta property=\"og:image:height\" content=\"565\" \/>\n\t<meta property=\"og:image:type\" content=\"image\/png\" \/>\n<meta name=\"author\" content=\"Premix\" \/>\n<meta name=\"twitter:card\" content=\"summary_large_image\" \/>\n<meta name=\"twitter:label1\" content=\"Escrito por\" \/>\n\t<meta name=\"twitter:data1\" content=\"Premix\" \/>\n\t<meta name=\"twitter:label2\" content=\"Est. tempo de leitura\" \/>\n\t<meta name=\"twitter:data2\" content=\"5 minutos\" \/>\n<script type=\"application\/ld+json\" class=\"yoast-schema-graph\">{\"@context\":\"https:\\\/\\\/schema.org\",\"@graph\":[{\"@type\":\"Article\",\"@id\":\"https:\\\/\\\/premix.com.br\\\/blog\\\/ilpf-uma-grande-aliada-na-pecuaria-sustentavel\\\/#article\",\"isPartOf\":{\"@id\":\"https:\\\/\\\/premix.com.br\\\/blog\\\/ilpf-uma-grande-aliada-na-pecuaria-sustentavel\\\/\"},\"author\":{\"name\":\"Premix\",\"@id\":\"https:\\\/\\\/premix.com.br\\\/blog\\\/#\\\/schema\\\/person\\\/d7ff1f407f96bd3dfed35e914a5fe4ed\"},\"headline\":\"ILPF: uma grande aliada na pecu\u00e1ria sustent\u00e1vel\",\"datePublished\":\"2023-01-03T14:00:29+00:00\",\"dateModified\":\"2023-01-10T20:02:43+00:00\",\"mainEntityOfPage\":{\"@id\":\"https:\\\/\\\/premix.com.br\\\/blog\\\/ilpf-uma-grande-aliada-na-pecuaria-sustentavel\\\/\"},\"wordCount\":927,\"commentCount\":0,\"image\":{\"@id\":\"https:\\\/\\\/premix.com.br\\\/blog\\\/ilpf-uma-grande-aliada-na-pecuaria-sustentavel\\\/#primaryimage\"},\"thumbnailUrl\":\"https:\\\/\\\/premix.com.br\\\/blog\\\/wp-content\\\/uploads\\\/2022\\\/12\\\/Integracao-lavoura-pecuaria-floresta-uma-grande-aliada-na-pecuaria-sustentavel-thumbnail.png\",\"keywords\":[\"estrat\u00e9gia ILPF\",\"ILPF\",\"integra\u00e7\u00e3o lavoura pecu\u00e1ria\",\"integra\u00e7\u00e3o lavoura pecu\u00e1ria floresta\",\"sistema de integra\u00e7\u00e3o lavoura pecu\u00e1ria floresta\"],\"articleSection\":[\"BLOG\",\"Corte - Pasto\",\"Manejo na pecu\u00e1ria\"],\"inLanguage\":\"pt-BR\",\"potentialAction\":[{\"@type\":\"CommentAction\",\"name\":\"Comment\",\"target\":[\"https:\\\/\\\/premix.com.br\\\/blog\\\/ilpf-uma-grande-aliada-na-pecuaria-sustentavel\\\/#respond\"]}]},{\"@type\":\"WebPage\",\"@id\":\"https:\\\/\\\/premix.com.br\\\/blog\\\/ilpf-uma-grande-aliada-na-pecuaria-sustentavel\\\/\",\"url\":\"https:\\\/\\\/premix.com.br\\\/blog\\\/ilpf-uma-grande-aliada-na-pecuaria-sustentavel\\\/\",\"name\":\"ILPF: uma grande aliada na pecu\u00e1ria sustent\u00e1vel - Blog Premix\",\"isPartOf\":{\"@id\":\"https:\\\/\\\/premix.com.br\\\/blog\\\/#website\"},\"primaryImageOfPage\":{\"@id\":\"https:\\\/\\\/premix.com.br\\\/blog\\\/ilpf-uma-grande-aliada-na-pecuaria-sustentavel\\\/#primaryimage\"},\"image\":{\"@id\":\"https:\\\/\\\/premix.com.br\\\/blog\\\/ilpf-uma-grande-aliada-na-pecuaria-sustentavel\\\/#primaryimage\"},\"thumbnailUrl\":\"https:\\\/\\\/premix.com.br\\\/blog\\\/wp-content\\\/uploads\\\/2022\\\/12\\\/Integracao-lavoura-pecuaria-floresta-uma-grande-aliada-na-pecuaria-sustentavel-thumbnail.png\",\"datePublished\":\"2023-01-03T14:00:29+00:00\",\"dateModified\":\"2023-01-10T20:02:43+00:00\",\"author\":{\"@id\":\"https:\\\/\\\/premix.com.br\\\/blog\\\/#\\\/schema\\\/person\\\/d7ff1f407f96bd3dfed35e914a5fe4ed\"},\"description\":\"A integra\u00e7\u00e3o lavoura pecu\u00e1ria floresta (ILPF), \u00e9 uma pr\u00e1tica agr\u00edcola muito comentada atualmente, pois ela contribui para a pecu\u00e1ria sustent\u00e1vel.\u00a0\",\"inLanguage\":\"pt-BR\",\"potentialAction\":[{\"@type\":\"ReadAction\",\"target\":[\"https:\\\/\\\/premix.com.br\\\/blog\\\/ilpf-uma-grande-aliada-na-pecuaria-sustentavel\\\/\"]}]},{\"@type\":\"ImageObject\",\"inLanguage\":\"pt-BR\",\"@id\":\"https:\\\/\\\/premix.com.br\\\/blog\\\/ilpf-uma-grande-aliada-na-pecuaria-sustentavel\\\/#primaryimage\",\"url\":\"https:\\\/\\\/premix.com.br\\\/blog\\\/wp-content\\\/uploads\\\/2022\\\/12\\\/Integracao-lavoura-pecuaria-floresta-uma-grande-aliada-na-pecuaria-sustentavel-thumbnail.png\",\"contentUrl\":\"https:\\\/\\\/premix.com.br\\\/blog\\\/wp-content\\\/uploads\\\/2022\\\/12\\\/Integracao-lavoura-pecuaria-floresta-uma-grande-aliada-na-pecuaria-sustentavel-thumbnail.png\",\"width\":1000,\"height\":565,\"caption\":\"Integra\u00e7\u00e3o lavoura pecu\u00e1ria floresta\"},{\"@type\":\"WebSite\",\"@id\":\"https:\\\/\\\/premix.com.br\\\/blog\\\/#website\",\"url\":\"https:\\\/\\\/premix.com.br\\\/blog\\\/\",\"name\":\"Blog Premix\",\"description\":\"Nutrindo os ciclos da vida\",\"potentialAction\":[{\"@type\":\"SearchAction\",\"target\":{\"@type\":\"EntryPoint\",\"urlTemplate\":\"https:\\\/\\\/premix.com.br\\\/blog\\\/?s={search_term_string}\"},\"query-input\":{\"@type\":\"PropertyValueSpecification\",\"valueRequired\":true,\"valueName\":\"search_term_string\"}}],\"inLanguage\":\"pt-BR\"},{\"@type\":\"Person\",\"@id\":\"https:\\\/\\\/premix.com.br\\\/blog\\\/#\\\/schema\\\/person\\\/d7ff1f407f96bd3dfed35e914a5fe4ed\",\"name\":\"Premix\",\"image\":{\"@type\":\"ImageObject\",\"inLanguage\":\"pt-BR\",\"@id\":\"https:\\\/\\\/secure.gravatar.com\\\/avatar\\\/e5ead4a022554ee063078ae98cd6e5ec1ea4c9bf231d8f2862c8b86d550edc66?s=96&d=mm&r=g\",\"url\":\"https:\\\/\\\/secure.gravatar.com\\\/avatar\\\/e5ead4a022554ee063078ae98cd6e5ec1ea4c9bf231d8f2862c8b86d550edc66?s=96&d=mm&r=g\",\"contentUrl\":\"https:\\\/\\\/secure.gravatar.com\\\/avatar\\\/e5ead4a022554ee063078ae98cd6e5ec1ea4c9bf231d8f2862c8b86d550edc66?s=96&d=mm&r=g\",\"caption\":\"Premix\"},\"sameAs\":[\"https:\\\/\\\/premix.com.br\"],\"url\":\"https:\\\/\\\/premix.com.br\\\/blog\\\/author\\\/premix\\\/\"}]}<\/script>\n<!-- \/ Yoast SEO Premium plugin. -->","yoast_head_json":{"title":"ILPF: uma grande aliada na pecu\u00e1ria sustent\u00e1vel - Blog Premix","description":"A integra\u00e7\u00e3o lavoura pecu\u00e1ria floresta (ILPF), \u00e9 uma pr\u00e1tica agr\u00edcola muito comentada atualmente, pois ela contribui para a pecu\u00e1ria sustent\u00e1vel.\u00a0","robots":{"index":"index","follow":"follow","max-snippet":"max-snippet:-1","max-image-preview":"max-image-preview:large","max-video-preview":"max-video-preview:-1"},"canonical":"https:\/\/premix.com.br\/blog\/ilpf-uma-grande-aliada-na-pecuaria-sustentavel\/","og_locale":"pt_BR","og_type":"article","og_title":"ILPF: uma grande aliada na pecu\u00e1ria sustent\u00e1vel","og_description":"A integra\u00e7\u00e3o lavoura pecu\u00e1ria floresta (ILPF), \u00e9 uma pr\u00e1tica agr\u00edcola muito comentada atualmente, pois ela contribui para a pecu\u00e1ria sustent\u00e1vel.\u00a0","og_url":"https:\/\/premix.com.br\/blog\/ilpf-uma-grande-aliada-na-pecuaria-sustentavel\/","og_site_name":"Blog Premix","article_publisher":"https:\/\/www.facebook.com\/premixoficial","article_published_time":"2023-01-03T14:00:29+00:00","article_modified_time":"2023-01-10T20:02:43+00:00","og_image":[{"width":1000,"height":565,"url":"https:\/\/premix.com.br\/blog\/wp-content\/uploads\/2022\/12\/Integracao-lavoura-pecuaria-floresta-uma-grande-aliada-na-pecuaria-sustentavel-thumbnail.png","type":"image\/png"}],"author":"Premix","twitter_card":"summary_large_image","twitter_misc":{"Escrito por":"Premix","Est. tempo de leitura":"5 minutos"},"schema":{"@context":"https:\/\/schema.org","@graph":[{"@type":"Article","@id":"https:\/\/premix.com.br\/blog\/ilpf-uma-grande-aliada-na-pecuaria-sustentavel\/#article","isPartOf":{"@id":"https:\/\/premix.com.br\/blog\/ilpf-uma-grande-aliada-na-pecuaria-sustentavel\/"},"author":{"name":"Premix","@id":"https:\/\/premix.com.br\/blog\/#\/schema\/person\/d7ff1f407f96bd3dfed35e914a5fe4ed"},"headline":"ILPF: uma grande aliada na pecu\u00e1ria sustent\u00e1vel","datePublished":"2023-01-03T14:00:29+00:00","dateModified":"2023-01-10T20:02:43+00:00","mainEntityOfPage":{"@id":"https:\/\/premix.com.br\/blog\/ilpf-uma-grande-aliada-na-pecuaria-sustentavel\/"},"wordCount":927,"commentCount":0,"image":{"@id":"https:\/\/premix.com.br\/blog\/ilpf-uma-grande-aliada-na-pecuaria-sustentavel\/#primaryimage"},"thumbnailUrl":"https:\/\/premix.com.br\/blog\/wp-content\/uploads\/2022\/12\/Integracao-lavoura-pecuaria-floresta-uma-grande-aliada-na-pecuaria-sustentavel-thumbnail.png","keywords":["estrat\u00e9gia ILPF","ILPF","integra\u00e7\u00e3o lavoura pecu\u00e1ria","integra\u00e7\u00e3o lavoura pecu\u00e1ria floresta","sistema de integra\u00e7\u00e3o lavoura pecu\u00e1ria floresta"],"articleSection":["BLOG","Corte - Pasto","Manejo na pecu\u00e1ria"],"inLanguage":"pt-BR","potentialAction":[{"@type":"CommentAction","name":"Comment","target":["https:\/\/premix.com.br\/blog\/ilpf-uma-grande-aliada-na-pecuaria-sustentavel\/#respond"]}]},{"@type":"WebPage","@id":"https:\/\/premix.com.br\/blog\/ilpf-uma-grande-aliada-na-pecuaria-sustentavel\/","url":"https:\/\/premix.com.br\/blog\/ilpf-uma-grande-aliada-na-pecuaria-sustentavel\/","name":"ILPF: uma grande aliada na pecu\u00e1ria sustent\u00e1vel - Blog Premix","isPartOf":{"@id":"https:\/\/premix.com.br\/blog\/#website"},"primaryImageOfPage":{"@id":"https:\/\/premix.com.br\/blog\/ilpf-uma-grande-aliada-na-pecuaria-sustentavel\/#primaryimage"},"image":{"@id":"https:\/\/premix.com.br\/blog\/ilpf-uma-grande-aliada-na-pecuaria-sustentavel\/#primaryimage"},"thumbnailUrl":"https:\/\/premix.com.br\/blog\/wp-content\/uploads\/2022\/12\/Integracao-lavoura-pecuaria-floresta-uma-grande-aliada-na-pecuaria-sustentavel-thumbnail.png","datePublished":"2023-01-03T14:00:29+00:00","dateModified":"2023-01-10T20:02:43+00:00","author":{"@id":"https:\/\/premix.com.br\/blog\/#\/schema\/person\/d7ff1f407f96bd3dfed35e914a5fe4ed"},"description":"A integra\u00e7\u00e3o lavoura pecu\u00e1ria floresta (ILPF), \u00e9 uma pr\u00e1tica agr\u00edcola muito comentada atualmente, pois ela contribui para a pecu\u00e1ria sustent\u00e1vel.\u00a0","inLanguage":"pt-BR","potentialAction":[{"@type":"ReadAction","target":["https:\/\/premix.com.br\/blog\/ilpf-uma-grande-aliada-na-pecuaria-sustentavel\/"]}]},{"@type":"ImageObject","inLanguage":"pt-BR","@id":"https:\/\/premix.com.br\/blog\/ilpf-uma-grande-aliada-na-pecuaria-sustentavel\/#primaryimage","url":"https:\/\/premix.com.br\/blog\/wp-content\/uploads\/2022\/12\/Integracao-lavoura-pecuaria-floresta-uma-grande-aliada-na-pecuaria-sustentavel-thumbnail.png","contentUrl":"https:\/\/premix.com.br\/blog\/wp-content\/uploads\/2022\/12\/Integracao-lavoura-pecuaria-floresta-uma-grande-aliada-na-pecuaria-sustentavel-thumbnail.png","width":1000,"height":565,"caption":"Integra\u00e7\u00e3o lavoura pecu\u00e1ria floresta"},{"@type":"WebSite","@id":"https:\/\/premix.com.br\/blog\/#website","url":"https:\/\/premix.com.br\/blog\/","name":"Blog Premix","description":"Nutrindo os ciclos da vida","potentialAction":[{"@type":"SearchAction","target":{"@type":"EntryPoint","urlTemplate":"https:\/\/premix.com.br\/blog\/?s={search_term_string}"},"query-input":{"@type":"PropertyValueSpecification","valueRequired":true,"valueName":"search_term_string"}}],"inLanguage":"pt-BR"},{"@type":"Person","@id":"https:\/\/premix.com.br\/blog\/#\/schema\/person\/d7ff1f407f96bd3dfed35e914a5fe4ed","name":"Premix","image":{"@type":"ImageObject","inLanguage":"pt-BR","@id":"https:\/\/secure.gravatar.com\/avatar\/e5ead4a022554ee063078ae98cd6e5ec1ea4c9bf231d8f2862c8b86d550edc66?s=96&d=mm&r=g","url":"https:\/\/secure.gravatar.com\/avatar\/e5ead4a022554ee063078ae98cd6e5ec1ea4c9bf231d8f2862c8b86d550edc66?s=96&d=mm&r=g","contentUrl":"https:\/\/secure.gravatar.com\/avatar\/e5ead4a022554ee063078ae98cd6e5ec1ea4c9bf231d8f2862c8b86d550edc66?s=96&d=mm&r=g","caption":"Premix"},"sameAs":["https:\/\/premix.com.br"],"url":"https:\/\/premix.com.br\/blog\/author\/premix\/"}]}},"_links":{"self":[{"href":"https:\/\/premix.com.br\/blog\/wp-json\/wp\/v2\/posts\/12764","targetHints":{"allow":["GET"]}}],"collection":[{"href":"https:\/\/premix.com.br\/blog\/wp-json\/wp\/v2\/posts"}],"about":[{"href":"https:\/\/premix.com.br\/blog\/wp-json\/wp\/v2\/types\/post"}],"author":[{"embeddable":true,"href":"https:\/\/premix.com.br\/blog\/wp-json\/wp\/v2\/users\/1"}],"replies":[{"embeddable":true,"href":"https:\/\/premix.com.br\/blog\/wp-json\/wp\/v2\/comments?post=12764"}],"version-history":[{"count":8,"href":"https:\/\/premix.com.br\/blog\/wp-json\/wp\/v2\/posts\/12764\/revisions"}],"predecessor-version":[{"id":12818,"href":"https:\/\/premix.com.br\/blog\/wp-json\/wp\/v2\/posts\/12764\/revisions\/12818"}],"wp:featuredmedia":[{"embeddable":true,"href":"https:\/\/premix.com.br\/blog\/wp-json\/wp\/v2\/media\/12797"}],"wp:attachment":[{"href":"https:\/\/premix.com.br\/blog\/wp-json\/wp\/v2\/media?parent=12764"}],"wp:term":[{"taxonomy":"category","embeddable":true,"href":"https:\/\/premix.com.br\/blog\/wp-json\/wp\/v2\/categories?post=12764"},{"taxonomy":"post_tag","embeddable":true,"href":"https:\/\/premix.com.br\/blog\/wp-json\/wp\/v2\/tags?post=12764"}],"curies":[{"name":"wp","href":"https:\/\/api.w.org\/{rel}","templated":true}]}}